{"id":9957,"date":"2022-11-30T12:57:05","date_gmt":"2022-11-30T11:57:05","guid":{"rendered":"http:\/\/przedszkole.kosowlacki.pl\/wordpress\/?p=9957"},"modified":"2022-11-30T12:58:59","modified_gmt":"2022-11-30T11:58:59","slug":"zamierzenia-na-grudzien-3","status":"publish","type":"post","link":"http:\/\/przedszkole.kosowlacki.pl\/wordpress\/zamierzenia-na-grudzien-3\/","title":{"rendered":"Zamierzenia na grudzie\u0144"},"content":{"rendered":"<h2 style=\"text-align: center;\"><span style=\"color: #ff0000;\">3 LATKI<\/span><\/h2>\n<h3><span style=\"color: #00ff00;\"><strong>I. Czy smoki to dinozaury:<\/strong><\/span><\/h3>\n<h3>&#8211; zach\u0119canie do wsp\u00f3lnej zabawy dzieci<\/h3>\n<h3>&#8211; rozwijanie umiej\u0119tno\u015bci liczenia<\/h3>\n<h3>-rozwijanie sprawno\u015bci manualnej<\/h3>\n<h3>&#8211; rozwijanie mowy<\/h3>\n<h3><span style=\"color: #00ff00;\"><strong>II. Ulubione zabawy i zabawki:<\/strong><\/span><\/h3>\n<h3>&#8211; rozwijanie mowy<\/h3>\n<h3>&#8211; utrwalanie nazw wybranych kolor\u00f3w<\/h3>\n<h3>&#8211; kszta\u0142towanie poczucia rytmu<\/h3>\n<h3>&#8211; rozwijanie sprawno\u015bci manualnej<\/h3>\n<h3><span style=\"color: #00ff00;\">III. To ju\u017c zima:<\/span><\/h3>\n<h3>&#8211; rozwijanie mowy<\/h3>\n<h3>&#8211; umuzykalnianie dzieci<\/h3>\n<h3>&#8211; rozwijanie umiej\u0119tno\u015bci liczenia<\/h3>\n<h3>&#8211; rozwijanie sprawno\u015bci manualnej<\/h3>\n<h3><span style=\"color: #00ff00;\">IV<em>. <\/em>\u015awi\u0119ta tu\u017c- tu\u017c:<\/span><\/h3>\n<h3>&#8211; rozwijanie mowy<\/h3>\n<h3>&#8211; umuzykalnianie dzieci<\/h3>\n<h3>&#8211; rozwijanie poczucia bycia wsp\u00f3\u0142gospodarzem sali<\/h3>\n<h3>&#8211; rozwijanie umiej\u0119tno\u015bci liczenia<\/h3>\n<h3>&#8211; wsp\u00f3lne zabawy<\/h3>\n<h3 align=\"center\"><span style=\"color: #ff0000;\">Piosenka do utrwalenia<\/span><\/h3>\n<h3 align=\"center\"><span style=\"color: #00ff00;\">\u201e Choinka\u201d<\/span><\/h3>\n<h4 align=\"center\">( s\u0142. i muz. Bo\u017cena Forma)<\/h4>\n<h3 style=\"text-align: center;\">1.Przyjecha\u0142a do nas<\/h3>\n<h3 style=\"text-align: center;\">choinka zielona,<\/h3>\n<h3 style=\"text-align: center;\">stoi w naszej sali,<\/h3>\n<h3 style=\"text-align: center;\">pi\u0119knie przystrojona.<\/h3>\n<h3 style=\"text-align: center;\">Ref: La, la, la choinka zielona,<\/h3>\n<h3 style=\"text-align: center;\">stoi w naszej sali,<\/h3>\n<h3 style=\"text-align: center;\">pi\u0119knie przystrojona.<\/h3>\n<h3 style=\"text-align: center;\">2.Wisz\u0105 na niej bombki,<\/h3>\n<h3 style=\"text-align: center;\">pierniki pachn\u0105ce,<\/h3>\n<h3 style=\"text-align: center;\">du\u017ca z\u0142ota gwiazda,<\/h3>\n<h3 style=\"text-align: center;\">ciasteczka chrupi\u0105ce.<\/h3>\n<h3 style=\"text-align: center;\">Ref: La, la, la&#8230;.<\/h3>\n<h3 style=\"text-align: center;\">III. \u015awi\u0119ta si\u0119 zbli\u017caj\u0105,<\/h3>\n<h3 style=\"text-align: center;\">ta\u0144cz\u0105 wszystkie dzieci,<\/h3>\n<h3 style=\"text-align: center;\">choinka lampkami<\/h3>\n<h3 style=\"text-align: center;\">jasno wszystkim \u015bwieci.<\/h3>\n<h3 style=\"text-align: center;\">Ref: La, la, la&#8230;..<\/h3>\n<h2 style=\"text-align: center;\"><span style=\"color: #00ccff;\">4 LATKI<\/span><\/h2>\n<h3><span style=\"color: #ff99cc;\">I.<\/span><span style=\"color: #ff99cc;\">\u00a0Na jesienny, smutny czas<\/span><\/h3>\n<h3 align=\"left\">&#8211; przestrzeganie wsp\u00f3lnie ustalonych um\u00f3w i zasad reguluj\u0105cych wsp\u00f3\u0142\u017cycie w grupie<\/h3>\n<h3 align=\"left\">&#8211; pomaganie kolegom w sytuacjach wywo\u0142uj\u0105cych smutek<\/h3>\n<h3 align=\"left\">&#8211; wsp\u00f3\u0142dzia\u0142anie podczas zabaw, gier, ta\u0144c\u00f3w integracyjnych<\/h3>\n<h3 align=\"left\">&#8211; uczestniczenie w zabawach organizowanych przez nauczyciela, daj\u0105cych dziecku satysfakcj\u0119 i rado\u015b\u0107<\/h3>\n<h3 align=\"left\">&#8211; rozwijanie mowy<\/h3>\n<h3 align=\"left\">&#8211; rozwijanie umiej\u0119tno\u015bci dodawania<\/h3>\n<h3 align=\"left\">&#8211; umuzykalnianie dzieci<\/h3>\n<h3 align=\"left\">&#8211; rozwijanie sprawno\u015bci manualnej<\/h3>\n<h3 align=\"left\"><span style=\"color: #ff99cc;\">II. Nadchodzi zima<\/span><\/h3>\n<h3 align=\"left\">&#8211; poznawanie zjawisk atmosferycznych charakterystycznych dla zimy, nazywanie ich, np. opady \u015bniegu, szron, szad\u017a, zawieje \u015bnie\u017cne<\/h3>\n<h3 align=\"left\">&#8211; obserwowanie zmian zachodz\u0105cych w przyrodzie zim\u0105; zwracanie uwagi na koloryt i pi\u0119kno przyrody w zimowej szacie<\/h3>\n<h3 align=\"left\">&#8211; poznawanie wybranych w\u0142a\u015bciwo\u015bci fizycznych \u015bniegu i lodu, zwracanie uwagi na zanieczyszczenia, kt\u00f3re zatrzymuj\u0105 w sobie<\/h3>\n<h3 align=\"left\">&#8211; rozwijanie mowy<\/h3>\n<h3 align=\"left\">&#8211; rozwijanie orientacji przestrzennej<\/h3>\n<h3 align=\"left\">&#8211; umuzykalnianie dzieci<\/h3>\n<h3 align=\"left\">&#8211; rozwijanie sprawno\u015bci manualnej<\/h3>\n<h3 align=\"left\">&#8211; rozwijanie my\u015blenie przyczynowo- skutkowego<\/h3>\n<h3 align=\"left\"><span style=\"color: #ff99cc;\">III. \u015awi\u0119ta tu\u017c- tu\u017c<\/span><\/h3>\n<h3 align=\"left\">&#8211; przygotowanie programu artystycznego, samodzielnie (lub z pomoc\u0105 nauczyciela), wykonanie upomink\u00f3w, wsp\u00f3lna zabawa z przyby\u0142ymi go\u015b\u0107mi<\/h3>\n<h3 align=\"left\">&#8211; kultywowanie tradycji, zwyczaj\u00f3w rodzinnych, np.. zwi\u0105zanych ze \u015bwi\u0119tami Bo\u017cego Narodzenia, Wielkanocy<\/h3>\n<h3 align=\"left\">&#8211; wzajemne okazywanie sobie uczu\u0107, m\u00f3wienie o nich- tworzenie wzajemnych relacji, opartych na szacunku, akceptacji i mi\u0142o\u015bci<\/h3>\n<h3 align=\"left\">&#8211; rozwijanie mowy<\/h3>\n<h3 align=\"left\">&#8211; rozwijanie umiej\u0119tno\u015bci klasyfikowania<\/h3>\n<h3 align=\"left\">&#8211; rozwijanie umiej\u0119tno\u015bci wokalnych<\/h3>\n<h3 align=\"left\">&#8211; zach\u0119canie do wykonywania prostych wypiek\u00f3w<\/h3>\n<h3 align=\"left\">&#8211; rozwijanie mowy<\/h3>\n<h3 style=\"text-align: center;\" align=\"left\"><span style=\"color: #00ccff;\">Piosenka do utrwalenia:<\/span><\/h3>\n<h3 style=\"text-align: center;\" align=\"left\">I. Miko\u0142aj, Miko\u0142aj jedzie samochodem,<\/h3>\n<h3 style=\"text-align: center;\" align=\"left\">bo gdzie\u015b zgubi\u0142 saneczki w t\u0119 mro\u017an\u0105 pogod\u0119.<\/h3>\n<h3 style=\"text-align: center;\" align=\"left\">Ref.: Hu, hu, ha! Tra- la-la, co to za Miko\u0142aj.<\/h3>\n<h3 style=\"text-align: center;\" align=\"left\">II. Miko\u0142aj, Miko\u0142aj lat ma ju\u017c bez liku,<\/h3>\n<h3 style=\"text-align: center;\" align=\"left\">a prezenty dzi\u015b wiezie dzieciom w baga\u017cniku.<\/h3>\n<h3 style=\"text-align: center;\" align=\"left\">Ref.: Hu, hu, ha&#8230;<\/h3>\n<p>&nbsp;<\/p>\n<h2 style=\"text-align: center;\"><span style=\"color: #ffcc00;\">5 LATKI<\/span><\/h2>\n<h3><span style=\"color: #0000ff;\">I ,, Co robi\u0107 w taki smutny czas?\u201d<\/span><\/h3>\n<ul>\n<li value=\"1\">\n<h3>rozwijanie mowy i s\u0142uchu fonematycznego,<\/h3>\n<\/li>\n<li>\n<h3>zach\u0119canie do wykonywania prostych potraw,<\/h3>\n<\/li>\n<li>\n<h3>zapoznanie z drukowan\u0105 liter\u0105 l: ma\u0142\u0105 i wielk\u0105,<\/h3>\n<\/li>\n<li>\n<h3>rozwijanie zainteresowania przyrod\u0105 nieo\u017cywion\u0105;<\/h3>\n<\/li>\n<li>\n<h3>rozwijanie aktywno\u015bci fizycznej,<\/h3>\n<\/li>\n<li>\n<h3>rozwijanie umiej\u0119tno\u015bci liczenia i klasyfikowania,<\/h3>\n<\/li>\n<li>\n<h3>rozwijanie poczucia rytmu,<\/h3>\n<\/li>\n<li>\n<h3>wspomaganie rozwoju emocjonalnego,<\/h3>\n<\/li>\n<li>\n<h3>rozwijanie sprawno\u015bci manualnej,<\/h3>\n<\/li>\n<\/ul>\n<h3><span style=\"color: #3366ff;\">II ,, Nadesz\u0142a zima\u201d<\/span><\/h3>\n<ul>\n<li>\n<h3>rozwijanie mowy i umiej\u0119tno\u015bci interpretowania utworu w\u0142asnymi s\u0142owami,<\/h3>\n<\/li>\n<li>\n<h3>poznawanie wybranych w\u0142a\u015bciwo\u015bci fizycznych \u015bniegu,<\/h3>\n<\/li>\n<li>\n<h3>zach\u0119canie do zabaw na \u015bwie\u017cym powietrzu,<\/h3>\n<\/li>\n<li>\n<h3>zapoznanie z drukowan\u0105 liter\u0105 y: ma\u0142\u0105 i wielk\u0105,<\/h3>\n<\/li>\n<li>\n<h3>rozwijanie orientacji przestrzennej, wyobra\u017ani i inwencji tw\u00f3rczej,<\/h3>\n<\/li>\n<li>\n<h3>rozwijanie sprawno\u015bci fizycznej,<\/h3>\n<\/li>\n<li>\n<h3>rozwijanie s\u0142uchu fonematycznego,<\/h3>\n<\/li>\n<li>\n<h3>zapoznanie z zapisem cyfrowym liczby 0,<\/h3>\n<\/li>\n<li>\n<h3>rozwijanie umiej\u0119tno\u015bci wokalnych,<\/h3>\n<\/li>\n<li>\n<h3>poznawanie wybranych drzew iglastych,<\/h3>\n<\/li>\n<\/ul>\n<h3><span style=\"color: #3366ff;\">III ,,\u015awi\u0119ta tu\u017c &#8211; tu\u017c\u201d<\/span><\/h3>\n<ul>\n<li>\n<h3>zapoznanie z tradycjami zwi\u0105zanymi ze \u015bwi\u0119tami,<\/h3>\n<\/li>\n<li>\n<h3>rozwijanie umiej\u0119tno\u015bci klasyfikowania,<\/h3>\n<\/li>\n<li>\n<h3>zapoznanie z drukowan\u0105 liter\u0105 r: ma\u0142\u0105 i wielk\u0105,<\/h3>\n<\/li>\n<li>\n<h3>zapoznanie z wygl\u0105dem \u015bwi\u0105tecznego sto\u0142u,<\/h3>\n<\/li>\n<li>\n<h3>rozwijanie sprawno\u015bci manualnej,<\/h3>\n<\/li>\n<li>\n<h3>utrwalanie swojego adresu,<\/h3>\n<\/li>\n<li>\n<h3>umuzykalnianie dzieci,<\/h3>\n<\/li>\n<li>\n<h3>zapoznanie z zapisem cyfrowym liczby 6,<\/h3>\n<\/li>\n<li>\n<h3>rozwijanie sprawno\u015bci fizycznej,<\/h3>\n<\/li>\n<li>\n<h3>zach\u0119canie do wykonywania prostych potraw,<\/h3>\n<\/li>\n<\/ul>\n<h3 align=\"center\"><span style=\"color: #ffcc00;\">Piosenka do utrwalenia<\/span><\/h3>\n<h3 align=\"center\"><span style=\"color: #3366ff;\">,,Zima bia\u0142a\u201d<\/span><\/h3>\n<h4 align=\"center\">(s\u0142. J. Mackiewicz, muz. K. Kwiatkowska)<\/h4>\n<h3 style=\"text-align: center;\"><\/h3>\n<h3 style=\"text-align: center;\">I. Rankiem si\u0119 zbudzi\u0142a,<br \/>\n\u015bniegu nasypa\u0142a.<br \/>\nB\u0119dzie sanna,<br \/>\nbo nareszcie<br \/>\nprzysz\u0142a zima bia\u0142a.<\/h3>\n<h3><\/h3>\n<h3 style=\"text-align: center;\">II. Drzewa w bia\u0142ych czapach,<br \/>\ndroga w \u015bniegu ca\u0142a.<br \/>\nLec\u0105, lec\u0105<br \/>\nma\u0142e pi\u00f3rka,<br \/>\nprzysz\u0142a zima bia\u0142a.<\/h3>\n<p>&nbsp;<\/p>\n<h2 style=\"text-align: center;\"><span style=\"color: #d12ec9;\">6 LATKI<\/span><\/h2>\n<p>&nbsp;<\/p>\n<h3><span style=\"color: #ffff00;\">I. Co robimy w wolnym czasie?<\/span><\/h3>\n<h3>&#8211; zapoznanie z liter\u0105 l ma\u0142\u0105 i wielk\u0105, drukowan\u0105 i pisan\u0105<\/h3>\n<h3>&#8211; utrwalanie poznanych liter<\/h3>\n<h3>&#8211; obserwowanie zmian zachodz\u0105cych w przyrodzie p\u00f3\u017an\u0105 jesieni\u0105, wyst\u0119puj\u0105cych zjawisk atmosferycznych, np.: padaj\u0105cego deszczu, mg\u0142y, obni\u017caj\u0105cej si\u0119 temperatury, skracaj\u0105cej si\u0119 d\u0142ugo\u015bci dnia<\/h3>\n<h3>&#8211; klasyfikowanie przedmiot\u00f3w pod wzgl\u0119dem jednej cechy lub kilku cech wsp\u00f3lnych<\/h3>\n<h3>&#8211; rozwijanie aktywno\u015bci tw\u00f3rczej<\/h3>\n<h3>&#8211; rozwijanie s\u0142uchu fonematycznego<\/h3>\n<h3><span style=\"color: #ffff00;\">II. W \u015bwiecie ba\u015bni<\/span><\/h3>\n<h3>&#8211; zapoznanie z liter\u0105 y &#8211; ma\u0142\u0105 i wielk\u0105, drukowan\u0105 i pisan\u0105<\/h3>\n<h3>&#8211; zwracanie uwagi na budow\u0119 ksi\u0105\u017cki: ok\u0142adk\u0119 z tytu\u0142em i nazwiskiem autora, ilustracj\u0119<\/h3>\n<h3>&#8211; przestrzeganie zasad korzystania z ksi\u0105\u017cek: odwracania stron, ogl\u0105dania tekstu<\/h3>\n<h3>&#8211; s\u0142uchanie wierszy, opowiada\u0144, ba\u015bni polskich i zagranicznych autor\u00f3w<\/h3>\n<h3>&#8211; zapoznanie ze znakami: r\u00f3wno\u015bci, mniejszo\u015bci, wi\u0119kszo\u015bci<\/h3>\n<h3>&#8211; klasyfikowanie przedmiot\u00f3w pod wzgl\u0119dem jednej cechy lub kilku cech wsp\u00f3lnych<\/h3>\n<h3>&#8211; rozwijanie sprawno\u015bci fizycznej<\/h3>\n<h3><span style=\"color: #ffff00;\">III. To ju\u017c zima.<\/span><\/h3>\n<h3>&#8211; zapoznanie z liter\u0105 r \u2013 ma\u0142\u0105 i wielk\u0105, drukowan\u0105 i pisan\u0105<\/h3>\n<h3>&#8211; utrwalanie poznanych liter<\/h3>\n<h3>&#8211; obserwowanie zmian zachodz\u0105cych w przyrodzie zima: zwracanie uwagi na koloryt i pi\u0119kno przyrody w zimowej szacie<\/h3>\n<h3>&#8211; poznawanie zjawisk atmosferycznych charakterystycznych dla zimy, nazywanie ich , np. Opady \u015bniegu, szron, szad\u017a, zawieje \u015bnie\u017cne<\/h3>\n<h3>&#8211; poznawanie wybranych w\u0142a\u015bciwo\u015bci \u015bniegu i lodu, zwracanie uwagi na zanieczyszczenia, kt\u00f3re zatrzymuj\u0105 w sobie<\/h3>\n<h3>&#8211; zapoznanie z zapisem cyfrowym liczby 0<\/h3>\n<h3>&#8211; zapoznanie z instrumentem perkusyjnym &#8211; tr\u00f3jk\u0105tem<\/h3>\n<h3><span style=\"color: #ffff00;\">IV. \u015awi\u0119ta tu\u017c tu\u017c<\/span><\/h3>\n<h3>&#8211; kultywowanie tradycji, zwyczaj\u00f3w rodzinnych zwi\u0105zanych ze \u015bwi\u0119tami Bo\u017cego Narodzenia<\/h3>\n<h3>&#8211; wzajemne okazywanie sobie uczu\u0107, m\u00f3wienie o nich \u2013 tworzenie wzajemnych relacji opartych na szacunku, akceptacji i mi\u0142o\u015bci<\/h3>\n<h3>&#8211; zapoznanie z liter\u0105 s \u2013 ma\u0142a i wielk\u0105, drukowan\u0105 i pisan\u0105<\/h3>\n<h3>&#8211; zapoznanie z zapisem cyfrowym liczby 6<\/h3>\n<h3>&#8211; rozwijanie umiej\u0119tno\u015bci wokalnych<\/h3>\n<h3>&#8211; rozwijanie mowy<\/h3>\n<h3>&#8211; rozwijanie sprawno\u015bci manualnych<\/h3>\n<h3 align=\"center\"><span style=\"color: #d12ec9;\">Piosenka do utrwalenia<\/span><\/h3>\n<h3 align=\"center\"><span style=\"color: #ffff00;\">,,\u015awi\u0105teczne \u017cyczenia\u201d<\/span><\/h3>\n<h3 align=\"center\">( s\u0142. i muz. J. Kucharczyk)<\/h3>\n<h3 align=\"center\">1. Gdy pierwsza gwiazdka b\u0142y\u015bnie na wieczornym niebie,<\/h3>\n<h3 align=\"center\">gdy pop\u0142ynie w \u015bwiat kol\u0119da,<\/h3>\n<h3 align=\"center\">przy choince zbiera si\u0119 rodzina,<\/h3>\n<h3 align=\"center\">to ju\u017c s\u0105 \u015bwi\u0119ta.<\/h3>\n<h3 align=\"center\">Ref. Gwiazdka z nieba \u015ble promyki z\u0142ote<\/h3>\n<h3 align=\"center\">i spe\u0142nia nam marzenia.<\/h3>\n<h3 align=\"center\">Z ust do ust i z serc do serc<\/h3>\n<h3 align=\"center\">p\u0142yn\u0105 dobre \u017cyczenia.<\/h3>\n<h3 align=\"center\">2.Na wigilijnym stole jasno p\u0142onie \u015bwieca<\/h3>\n<h3 align=\"center\">i dwana\u015bcie potraw czeka.<\/h3>\n<h3 align=\"center\">Znajdzie si\u0119 dzi\u015b miejsce dla ka\u017cdego,<\/h3>\n<h3 align=\"center\">to ju\u017c s\u0105 \u015bwi\u0119ta.<\/h3>\n<h3 align=\"center\">Ref. Gwiazdka z nieba&#8230;<\/h3>\n<h3 align=\"center\">3.I dzi\u015b \u017cyczymy sobie tego, co najlepsze,<\/h3>\n<h3 align=\"center\">du\u017co zdrowia, du\u017co szcz\u0119\u015bcia .<\/h3>\n<h3 align=\"center\">I prezent\u00f3w pod choink\u0105 wiele,<\/h3>\n<h3 align=\"center\">to ju\u017c s\u0105 \u015bwi\u0119ta.<\/h3>\n<h3 align=\"center\">Ref. Gwiazdka z nieba&#8230;<\/h3>\n<h3 style=\"text-align: center;\"><\/h3>\n<h3 style=\"text-align: center;\" align=\"left\"><\/h3>\n<h3 style=\"text-align: center;\"><\/h3>\n","protected":false},"excerpt":{"rendered":"<p>3 LATKI I. Czy smoki to dinozaury: &#8211; zach\u0119canie do wsp\u00f3lnej zabawy dzieci &#8211; rozwijanie umiej\u0119tno\u015bci liczenia -rozwijanie sprawno\u015bci manualnej &#8211; rozwijanie mowy II. Ulubione zabawy i zabawki: &#8211; rozwijanie mowy &#8211; utrwalanie nazw wybranych kolor\u00f3w &#8211; kszta\u0142towanie poczucia rytmu &#8211; rozwijanie sprawno\u015bci manualnej III. To ju\u017c zima: &#8211; rozwijanie mowy &#8211; umuzykalnianie dzieci &#8211;&hellip; <br \/> <a class=\"read-more\" href=\"http:\/\/przedszkole.kosowlacki.pl\/wordpress\/zamierzenia-na-grudzien-3\/\">Read more<\/a><\/p>\n","protected":false},"author":2,"featured_media":0,"comment_status":"open","ping_status":"open","sticky":false,"template":"","format":"standard","meta":[],"categories":[12],"tags":[],"_links":{"self":[{"href":"http:\/\/przedszkole.kosowlacki.pl\/wordpress\/wp-json\/wp\/v2\/posts\/9957"}],"collection":[{"href":"http:\/\/przedszkole.kosowlacki.pl\/wordpress\/wp-json\/wp\/v2\/posts"}],"about":[{"href":"http:\/\/przedszkole.kosowlacki.pl\/wordpress\/wp-json\/wp\/v2\/types\/post"}],"author":[{"embeddable":true,"href":"http:\/\/przedszkole.kosowlacki.pl\/wordpress\/wp-json\/wp\/v2\/users\/2"}],"replies":[{"embeddable":true,"href":"http:\/\/przedszkole.kosowlacki.pl\/wordpress\/wp-json\/wp\/v2\/comments?post=9957"}],"version-history":[{"count":2,"href":"http:\/\/przedszkole.kosowlacki.pl\/wordpress\/wp-json\/wp\/v2\/posts\/9957\/revisions"}],"predecessor-version":[{"id":9959,"href":"http:\/\/przedszkole.kosowlacki.pl\/wordpress\/wp-json\/wp\/v2\/posts\/9957\/revisions\/9959"}],"wp:attachment":[{"href":"http:\/\/przedszkole.kosowlacki.pl\/wordpress\/wp-json\/wp\/v2\/media?parent=9957"}],"wp:term":[{"taxonomy":"category","embeddable":true,"href":"http:\/\/przedszkole.kosowlacki.pl\/wordpress\/wp-json\/wp\/v2\/categories?post=9957"},{"taxonomy":"post_tag","embeddable":true,"href":"http:\/\/przedszkole.kosowlacki.pl\/wordpress\/wp-json\/wp\/v2\/tags?post=9957"}],"curies":[{"name":"wp","href":"https:\/\/api.w.org\/{rel}","templated":true}]}}