{"id":9934,"date":"2022-11-29T20:17:04","date_gmt":"2022-11-29T19:17:04","guid":{"rendered":"http:\/\/przedszkole.kosowlacki.pl\/wordpress\/?p=9934"},"modified":"2022-11-29T20:17:04","modified_gmt":"2022-11-29T19:17:04","slug":"zaproszenie-2","status":"publish","type":"post","link":"http:\/\/przedszkole.kosowlacki.pl\/wordpress\/zaproszenie-2\/","title":{"rendered":"ZAPROSZENIE"},"content":{"rendered":"<p><strong>\u00a0<\/strong><\/p>\n<h3 style=\"text-align: center;\">Dzieci z grup <strong>\u201ePszcz\u00f3\u0142ki\u201d<\/strong> i <strong>\u201e\u017babki\u201d<\/strong> wraz<\/h3>\n<h3 style=\"text-align: center;\">z wychowawczyniami<\/h3>\n<h3 style=\"text-align: center;\">zapraszaj\u0105 rodzic\u00f3w na <strong>zaj\u0119cia otwarte<\/strong>,<\/h3>\n<h3 style=\"text-align: center;\">kt\u00f3re odb\u0119d\u0105 si\u0119 <strong>5 grudnia (poniedzia\u0142ek) <\/strong><\/h3>\n<h3 style=\"text-align: center;\">w salach zabaw.<\/h3>\n","protected":false},"excerpt":{"rendered":"<p>\u00a0 Dzieci z grup \u201ePszcz\u00f3\u0142ki\u201d i \u201e\u017babki\u201d wraz z wychowawczyniami zapraszaj\u0105 rodzic\u00f3w na zaj\u0119cia otwarte, kt\u00f3re odb\u0119d\u0105 si\u0119 5 grudnia (poniedzia\u0142ek) w salach zabaw.<\/p>\n","protected":false},"author":8,"featured_media":0,"comment_status":"open","ping_status":"open","sticky":false,"template":"","format":"standard","meta":[],"categories":[11],"tags":[],"_links":{"self":[{"href":"http:\/\/przedszkole.kosowlacki.pl\/wordpress\/wp-json\/wp\/v2\/posts\/9934"}],"collection":[{"href":"http:\/\/przedszkole.kosowlacki.pl\/wordpress\/wp-json\/wp\/v2\/posts"}],"about":[{"href":"http:\/\/przedszkole.kosowlacki.pl\/wordpress\/wp-json\/wp\/v2\/types\/post"}],"author":[{"embeddable":true,"href":"http:\/\/przedszkole.kosowlacki.pl\/wordpress\/wp-json\/wp\/v2\/users\/8"}],"replies":[{"embeddable":true,"href":"http:\/\/przedszkole.kosowlacki.pl\/wordpress\/wp-json\/wp\/v2\/comments?post=9934"}],"version-history":[{"count":1,"href":"http:\/\/przedszkole.kosowlacki.pl\/wordpress\/wp-json\/wp\/v2\/posts\/9934\/revisions"}],"predecessor-version":[{"id":9935,"href":"http:\/\/przedszkole.kosowlacki.pl\/wordpress\/wp-json\/wp\/v2\/posts\/9934\/revisions\/9935"}],"wp:attachment":[{"href":"http:\/\/przedszkole.kosowlacki.pl\/wordpress\/wp-json\/wp\/v2\/media?parent=9934"}],"wp:term":[{"taxonomy":"category","embeddable":true,"href":"http:\/\/przedszkole.kosowlacki.pl\/wordpress\/wp-json\/wp\/v2\/categories?post=9934"},{"taxonomy":"post_tag","embeddable":true,"href":"http:\/\/przedszkole.kosowlacki.pl\/wordpress\/wp-json\/wp\/v2\/tags?post=9934"}],"curies":[{"name":"wp","href":"https:\/\/api.w.org\/{rel}","templated":true}]}}