{"id":8705,"date":"2022-10-11T08:31:20","date_gmt":"2022-10-11T06:31:20","guid":{"rendered":"http:\/\/przedszkole.kosowlacki.pl\/wordpress\/?p=8705"},"modified":"2022-10-11T11:38:09","modified_gmt":"2022-10-11T09:38:09","slug":"konkurs-recytatorski-2","status":"publish","type":"post","link":"http:\/\/przedszkole.kosowlacki.pl\/wordpress\/konkurs-recytatorski-2\/","title":{"rendered":"KONKURS RECYTATORSKI"},"content":{"rendered":"<h3>10 pa\u017adziernika w naszym przedszkolu odby\u0142 si\u0119 konkurs recytatorski wierszy Franciszka Kobry\u0144czuka. W konkursie udzia\u0142 wzi\u0119\u0142y dzieci z grup 5 i 6 latk\u00f3w. G\u0142\u00f3wnymi celami konkursu by\u0142a popularyzacja tw\u00f3rczo\u015bci profesora F. Kobry\u0144czuka, wzbogacanie zasobu s\u0142ownictwa i umiej\u0119tno\u015bci wypowiedzi, prezentacja mo\u017cliwo\u015bci , umiej\u0119tno\u015bci i zdolno\u015bci recytatorskich. Podczas wyst\u0119p\u00f3w przedszkolaki wspaniale zaprezentowa\u0142y wiersze autora. Wszyscy uczestnicy konkursu otrzymali dyplomy i nagrody w postaci ksi\u0105\u017ceczek. Wyst\u0119pom dzieci towarzyszy\u0142y wielkie emocje i gromkie brawa zgromadzonej publiczno\u015bci. Zmagania uczestnik\u00f3w ocenia\u0142o jury. Laureatkami zosta\u0142y: <span style=\"color: #ff0000;\">Alicja<\/span> <span style=\"color: #ff0000;\">Gulska<\/span> i <span style=\"color: #ff0000;\">Pola Rytel \u2013 Andrianik<\/span>. Dziewczynki b\u0119d\u0105 reprezentowa\u0142y nasze przedszkole w V konkursie poetyckim im. Franciszka Kobry\u0144czuka w Soko\u0142owie Podlaskim.<\/h3>\n<h3>Gratulujemy wszystkim dzieciom za odwag\u0119 i zaanga\u017cowanie w wyst\u0119p. \u017byczymy dalszych sukces\u00f3w i zach\u0119camy do udzia\u0142u w kolejnych inicjatywach. Podzi\u0119kowanie sk\u0142adamy r\u00f3wnie\u017c rodzicom za przygotowanie swoich pociech do konkursu.<\/h3>\n<p>&nbsp;<\/p>\n<h3 style=\"text-align: right;\">Ma\u0142gorzata Zakrzewska<\/h3>\n","protected":false},"excerpt":{"rendered":"<p>10 pa\u017adziernika w naszym przedszkolu odby\u0142 si\u0119 konkurs recytatorski wierszy Franciszka Kobry\u0144czuka. W konkursie udzia\u0142 wzi\u0119\u0142y dzieci z grup 5 i 6 latk\u00f3w. G\u0142\u00f3wnymi celami konkursu by\u0142a popularyzacja tw\u00f3rczo\u015bci profesora F. Kobry\u0144czuka, wzbogacanie zasobu s\u0142ownictwa i umiej\u0119tno\u015bci wypowiedzi, prezentacja mo\u017cliwo\u015bci , umiej\u0119tno\u015bci i zdolno\u015bci recytatorskich. Podczas wyst\u0119p\u00f3w przedszkolaki wspaniale zaprezentowa\u0142y wiersze autora. Wszyscy uczestnicy konkursu&hellip; <br \/> <a class=\"read-more\" href=\"http:\/\/przedszkole.kosowlacki.pl\/wordpress\/konkurs-recytatorski-2\/\">Read more<\/a><\/p>\n","protected":false},"author":2,"featured_media":0,"comment_status":"open","ping_status":"open","sticky":false,"template":"","format":"standard","meta":[],"categories":[10],"tags":[],"_links":{"self":[{"href":"http:\/\/przedszkole.kosowlacki.pl\/wordpress\/wp-json\/wp\/v2\/posts\/8705"}],"collection":[{"href":"http:\/\/przedszkole.kosowlacki.pl\/wordpress\/wp-json\/wp\/v2\/posts"}],"about":[{"href":"http:\/\/przedszkole.kosowlacki.pl\/wordpress\/wp-json\/wp\/v2\/types\/post"}],"author":[{"embeddable":true,"href":"http:\/\/przedszkole.kosowlacki.pl\/wordpress\/wp-json\/wp\/v2\/users\/2"}],"replies":[{"embeddable":true,"href":"http:\/\/przedszkole.kosowlacki.pl\/wordpress\/wp-json\/wp\/v2\/comments?post=8705"}],"version-history":[{"count":6,"href":"http:\/\/przedszkole.kosowlacki.pl\/wordpress\/wp-json\/wp\/v2\/posts\/8705\/revisions"}],"predecessor-version":[{"id":8727,"href":"http:\/\/przedszkole.kosowlacki.pl\/wordpress\/wp-json\/wp\/v2\/posts\/8705\/revisions\/8727"}],"wp:attachment":[{"href":"http:\/\/przedszkole.kosowlacki.pl\/wordpress\/wp-json\/wp\/v2\/media?parent=8705"}],"wp:term":[{"taxonomy":"category","embeddable":true,"href":"http:\/\/przedszkole.kosowlacki.pl\/wordpress\/wp-json\/wp\/v2\/categories?post=8705"},{"taxonomy":"post_tag","embeddable":true,"href":"http:\/\/przedszkole.kosowlacki.pl\/wordpress\/wp-json\/wp\/v2\/tags?post=8705"}],"curies":[{"name":"wp","href":"https:\/\/api.w.org\/{rel}","templated":true}]}}