{"id":8702,"date":"2022-10-10T15:04:50","date_gmt":"2022-10-10T13:04:50","guid":{"rendered":"http:\/\/przedszkole.kosowlacki.pl\/wordpress\/?p=8702"},"modified":"2022-10-10T15:04:50","modified_gmt":"2022-10-10T13:04:50","slug":"przedszkolaki-w-bibliotece-szkolnej","status":"publish","type":"post","link":"http:\/\/przedszkole.kosowlacki.pl\/wordpress\/przedszkolaki-w-bibliotece-szkolnej\/","title":{"rendered":"PRZEDSZKOLAKI W BIBLIOTECE SZKOLNEJ"},"content":{"rendered":"<p style=\"text-align: center;\"><strong>7 pa\u017adziernika\u00a0 2022 roku dzieci z naszego przedszkola\u00a0 odwiedzi\u0142y Szkoln\u0105\u00a0 Bibliotek\u0119 przy Szkole Podstawowej w Kosowie Lackim.<\/strong> Celem wycieczki by\u0142o promowanie i wspieranie czytelnictwa \u00a0w\u015br\u00f3d dzieci.<\/p>\n<p style=\"text-align: center;\">\u00a0Podczas zaj\u0119\u0107 pani bibliotekarka opowiedzia\u0142a o swojej pracy, pokaza\u0142a r\u00f3\u017cne ksi\u0105\u017cki w tym \u00a0nowo\u015bci wydawnicze. Zwr\u00f3ci\u0142a uwag\u0119 na zasady korzystania z ksi\u0105\u017cek. Nast\u0119pnie zaprezentowa\u0142a i da\u0142a do obejrzenia dzieciom ksi\u0105\u017ceczki z dzia\u0142u dzieci\u0119cego.<\/p>\n<p style=\"text-align: center;\">W trakcie pobytu w bibliotece pani bibliotekarka przeczyta\u0142a dzieciom bajk\u0119. \u00a0Dzieci rozwi\u0105zywa\u0142y zagadki oraz odpowiada\u0142y na pytania zwi\u0105zane z przeczytan\u0105 bajk\u0105.<\/p>\n<p style=\"text-align: right;\">E. Ciesielska<\/p>\n<p style=\"text-align: center;\">\n","protected":false},"excerpt":{"rendered":"<p>7 pa\u017adziernika\u00a0 2022 roku dzieci z naszego przedszkola\u00a0 odwiedzi\u0142y Szkoln\u0105\u00a0 Bibliotek\u0119 przy Szkole Podstawowej w Kosowie Lackim. Celem wycieczki by\u0142o promowanie i wspieranie czytelnictwa \u00a0w\u015br\u00f3d dzieci. \u00a0Podczas zaj\u0119\u0107 pani bibliotekarka opowiedzia\u0142a o swojej pracy, pokaza\u0142a r\u00f3\u017cne ksi\u0105\u017cki w tym \u00a0nowo\u015bci wydawnicze. Zwr\u00f3ci\u0142a uwag\u0119 na zasady korzystania z ksi\u0105\u017cek. Nast\u0119pnie zaprezentowa\u0142a i da\u0142a do obejrzenia dzieciom&hellip; <br \/> <a class=\"read-more\" href=\"http:\/\/przedszkole.kosowlacki.pl\/wordpress\/przedszkolaki-w-bibliotece-szkolnej\/\">Read more<\/a><\/p>\n","protected":false},"author":8,"featured_media":0,"comment_status":"open","ping_status":"open","sticky":false,"template":"","format":"standard","meta":[],"categories":[10],"tags":[],"_links":{"self":[{"href":"http:\/\/przedszkole.kosowlacki.pl\/wordpress\/wp-json\/wp\/v2\/posts\/8702"}],"collection":[{"href":"http:\/\/przedszkole.kosowlacki.pl\/wordpress\/wp-json\/wp\/v2\/posts"}],"about":[{"href":"http:\/\/przedszkole.kosowlacki.pl\/wordpress\/wp-json\/wp\/v2\/types\/post"}],"author":[{"embeddable":true,"href":"http:\/\/przedszkole.kosowlacki.pl\/wordpress\/wp-json\/wp\/v2\/users\/8"}],"replies":[{"embeddable":true,"href":"http:\/\/przedszkole.kosowlacki.pl\/wordpress\/wp-json\/wp\/v2\/comments?post=8702"}],"version-history":[{"count":1,"href":"http:\/\/przedszkole.kosowlacki.pl\/wordpress\/wp-json\/wp\/v2\/posts\/8702\/revisions"}],"predecessor-version":[{"id":8703,"href":"http:\/\/przedszkole.kosowlacki.pl\/wordpress\/wp-json\/wp\/v2\/posts\/8702\/revisions\/8703"}],"wp:attachment":[{"href":"http:\/\/przedszkole.kosowlacki.pl\/wordpress\/wp-json\/wp\/v2\/media?parent=8702"}],"wp:term":[{"taxonomy":"category","embeddable":true,"href":"http:\/\/przedszkole.kosowlacki.pl\/wordpress\/wp-json\/wp\/v2\/categories?post=8702"},{"taxonomy":"post_tag","embeddable":true,"href":"http:\/\/przedszkole.kosowlacki.pl\/wordpress\/wp-json\/wp\/v2\/tags?post=8702"}],"curies":[{"name":"wp","href":"https:\/\/api.w.org\/{rel}","templated":true}]}}