{"id":8695,"date":"2022-10-06T11:46:09","date_gmt":"2022-10-06T09:46:09","guid":{"rendered":"http:\/\/przedszkole.kosowlacki.pl\/wordpress\/?p=8695"},"modified":"2022-10-06T11:53:06","modified_gmt":"2022-10-06T09:53:06","slug":"regulamin-konkursu","status":"publish","type":"post","link":"http:\/\/przedszkole.kosowlacki.pl\/wordpress\/regulamin-konkursu\/","title":{"rendered":"REGULAMIN KONKURSU"},"content":{"rendered":"<h3 align=\"center\"><span style=\"color: #333399;\">Regulamin Konkursu Recytatorskiego<\/span><\/h3>\n<h3 align=\"center\"><span style=\"color: #333399;\">\u201eWiersze Franciszka Kobry\u0144czuka\u201d<\/span><\/h3>\n<p>&nbsp;<\/p>\n<h3 align=\"center\"><\/h3>\n<h3 align=\"left\">1.Temat konkursu: <span style=\"color: #0000ff;\">\u201eWiersze Franciszka Kobry\u0144czuka\u201d.<\/span><\/h3>\n<h3 align=\"left\">2.Organizatorem konkursu jest <span style=\"color: #0000ff;\">Gminne Przedszkole w Kosowie Lackim.<\/span><\/h3>\n<h3 align=\"left\">3.Konkurs odb\u0119dzie si\u0119 <span style=\"color: #0000ff;\">10 pa\u017adziernika 2022r.<\/span><\/h3>\n<h3 align=\"left\">5.Konkurs adresowany jest do dzieci 5 i 6 letnich<\/h3>\n<h3 align=\"left\">Celem konkursu jest:<\/h3>\n<ul>\n<li>\n<h3 align=\"left\">Popularyzacja dorobku literackiego profesora F. Kobry\u0144czuka<\/h3>\n<\/li>\n<li>\n<h3 align=\"left\">wzbogacanie zasobu s\u0142ownictwa i umiej\u0119tno\u015bci wypowiedzi<\/h3>\n<\/li>\n<li>\n<h3 align=\"left\">prezentacja mo\u017cliwo\u015bci, umiej\u0119tno\u015bci i zdolno\u015bci recytatorskich,<\/h3>\n<\/li>\n<li>\n<h3 align=\"left\">tworzenie atmosfery do zabawy z utworami literackimi,<\/h3>\n<\/li>\n<li>\n<h3>czerpanie rado\u015bci ze wsp\u00f3lnej pracy z rodzicem<\/h3>\n<\/li>\n<\/ul>\n<h3><span style=\"background-color: transparent;\">6.<\/span><span style=\"font-size: 1.5rem; background-color: transparent;\">Na konkurs nale\u017cy przygotowa\u0107:<\/span><span style=\"font-size: 1.5rem; background-color: transparent;\">\u00a0<\/span><\/h3>\n<ul>\n<li>\n<h3>Wybrany wiersz Franciszka Kobry\u0144czuka<\/h3>\n<\/li>\n<\/ul>\n<h3>7.Oceniane b\u0119dzie:<\/h3>\n<ul>\n<li>\n<h3 align=\"left\">interpretacja i dob\u00f3r wiersza<\/h3>\n<\/li>\n<li>\n<h3 align=\"left\">kultura s\u0142owa<\/h3>\n<\/li>\n<li>\n<h3>og\u00f3lny wyraz artystyczny<\/h3>\n<\/li>\n<\/ul>\n<h3>8.Komisja konkursowa wy\u0142oni dwie najlepsze recytacje. Laureaci b\u0119d\u0105 reprezentowa\u0107 Gminne Przedszkole w Kosowie Lackim w \u201e V Konkursie poetyckim im. F. Kobry\u0144czuka\u201d, organizowanym przez Bibliotek\u0119 Pedagogiczn\u0105 w Soko\u0142owie Podlaskim oraz Stowarzyszenie \u201eLepsze Jutro Gminy Sterdy\u0144\u201d<\/h3>\n<h3 align=\"left\">Od decyzji komisji nie ma odwo\u0142ania. Wy\u0142onienie zwyci\u0119zc\u00f3w i og\u0142oszenie\u00a0 wynik\u00f3w nast\u0105pi tego samego dnia. Lista zwyci\u0119zc\u00f3w zostanie wywieszona na tablicy og\u0142osze\u0144 w przedszkolu oraz na stronie <span lang=\"zxx\">przedszkole.kosowlacki.pl\/wordpress\/<\/span><\/h3>\n<h3 align=\"left\">9. Przewidujemy atrakcyjne nagrody dla laureat\u00f3w.<\/h3>\n<h3 align=\"left\">10. Wszyscy uczestnicy konkursu otrzymaj\u0105 dyplomy.<\/h3>\n<h3 align=\"left\">11. Bior\u0105c udzia\u0142 w konkursie uczestnik potwierdza, \u017ce wyra\u017ca zgod\u0119 na wszystkie zasady zawarte w Regulaminie.<\/h3>\n<h3 align=\"left\">12. Regulamin konkursu jest dost\u0119pny do wgl\u0105du w przedszkolu oraz na stronie<\/h3>\n<h3 align=\"left\">przedszkole.kosowlacki.pl\/wordpress\/<\/h3>\n","protected":false},"excerpt":{"rendered":"<p>Regulamin Konkursu Recytatorskiego \u201eWiersze Franciszka Kobry\u0144czuka\u201d &nbsp; 1.Temat konkursu: \u201eWiersze Franciszka Kobry\u0144czuka\u201d. 2.Organizatorem konkursu jest Gminne Przedszkole w Kosowie Lackim. 3.Konkurs odb\u0119dzie si\u0119 10 pa\u017adziernika 2022r. 5.Konkurs adresowany jest do dzieci 5 i 6 letnich Celem konkursu jest: Popularyzacja dorobku literackiego profesora F. Kobry\u0144czuka wzbogacanie zasobu s\u0142ownictwa i umiej\u0119tno\u015bci wypowiedzi prezentacja mo\u017cliwo\u015bci, umiej\u0119tno\u015bci i zdolno\u015bci&hellip; <br \/> <a class=\"read-more\" href=\"http:\/\/przedszkole.kosowlacki.pl\/wordpress\/regulamin-konkursu\/\">Read more<\/a><\/p>\n","protected":false},"author":2,"featured_media":0,"comment_status":"open","ping_status":"open","sticky":false,"template":"","format":"standard","meta":[],"categories":[11],"tags":[],"_links":{"self":[{"href":"http:\/\/przedszkole.kosowlacki.pl\/wordpress\/wp-json\/wp\/v2\/posts\/8695"}],"collection":[{"href":"http:\/\/przedszkole.kosowlacki.pl\/wordpress\/wp-json\/wp\/v2\/posts"}],"about":[{"href":"http:\/\/przedszkole.kosowlacki.pl\/wordpress\/wp-json\/wp\/v2\/types\/post"}],"author":[{"embeddable":true,"href":"http:\/\/przedszkole.kosowlacki.pl\/wordpress\/wp-json\/wp\/v2\/users\/2"}],"replies":[{"embeddable":true,"href":"http:\/\/przedszkole.kosowlacki.pl\/wordpress\/wp-json\/wp\/v2\/comments?post=8695"}],"version-history":[{"count":6,"href":"http:\/\/przedszkole.kosowlacki.pl\/wordpress\/wp-json\/wp\/v2\/posts\/8695\/revisions"}],"predecessor-version":[{"id":8701,"href":"http:\/\/przedszkole.kosowlacki.pl\/wordpress\/wp-json\/wp\/v2\/posts\/8695\/revisions\/8701"}],"wp:attachment":[{"href":"http:\/\/przedszkole.kosowlacki.pl\/wordpress\/wp-json\/wp\/v2\/media?parent=8695"}],"wp:term":[{"taxonomy":"category","embeddable":true,"href":"http:\/\/przedszkole.kosowlacki.pl\/wordpress\/wp-json\/wp\/v2\/categories?post=8695"},{"taxonomy":"post_tag","embeddable":true,"href":"http:\/\/przedszkole.kosowlacki.pl\/wordpress\/wp-json\/wp\/v2\/tags?post=8695"}],"curies":[{"name":"wp","href":"https:\/\/api.w.org\/{rel}","templated":true}]}}