{"id":8692,"date":"2022-10-05T13:40:55","date_gmt":"2022-10-05T11:40:55","guid":{"rendered":"http:\/\/przedszkole.kosowlacki.pl\/wordpress\/?p=8692"},"modified":"2022-10-05T13:40:55","modified_gmt":"2022-10-05T11:40:55","slug":"konkurs-recytatorski","status":"publish","type":"post","link":"http:\/\/przedszkole.kosowlacki.pl\/wordpress\/konkurs-recytatorski\/","title":{"rendered":"Konkurs recytatorski"},"content":{"rendered":"<h3><span style=\"color: #000000;\"><span style=\"color: #ff0000;\">10 pa\u017adziernika<\/span> ( poniedzia\u0142ek) odb\u0119dzie si\u0119 wewn\u0105trzprzedszkolny konkurs recytatorski im. Franciszka Kobry\u0144czuka . Rodzice dzieci z grup 5 i 6 latk\u00f3w, bior\u0105cych udzia\u0142 w konkursie proszeni s\u0105 o zg\u0142oszenie si\u0119 do wychowawc\u00f3w. Przedszkolaki m\u00f3wi\u0105ce wiersze obowi\u0105zuje str\u00f3j galowy.<\/span><\/h3>\n<h3><span style=\"color: #000000;\">Wy\u0142onieni finali\u015bci konkursu przejd\u0105 do dalszego etapu, kt\u00f3ry odb\u0119dzie si\u0119 w Soko\u0142owie Podlaskim w dniu 20 pa\u017adziernika.<\/span><\/h3>\n","protected":false},"excerpt":{"rendered":"<p>10 pa\u017adziernika ( poniedzia\u0142ek) odb\u0119dzie si\u0119 wewn\u0105trzprzedszkolny konkurs recytatorski im. Franciszka Kobry\u0144czuka . Rodzice dzieci z grup 5 i 6 latk\u00f3w, bior\u0105cych udzia\u0142 w konkursie proszeni s\u0105 o zg\u0142oszenie si\u0119 do wychowawc\u00f3w. Przedszkolaki m\u00f3wi\u0105ce wiersze obowi\u0105zuje str\u00f3j galowy. Wy\u0142onieni finali\u015bci konkursu przejd\u0105 do dalszego etapu, kt\u00f3ry odb\u0119dzie si\u0119 w Soko\u0142owie Podlaskim w dniu 20 pa\u017adziernika.<\/p>\n","protected":false},"author":2,"featured_media":0,"comment_status":"open","ping_status":"open","sticky":false,"template":"","format":"standard","meta":[],"categories":[11],"tags":[],"_links":{"self":[{"href":"http:\/\/przedszkole.kosowlacki.pl\/wordpress\/wp-json\/wp\/v2\/posts\/8692"}],"collection":[{"href":"http:\/\/przedszkole.kosowlacki.pl\/wordpress\/wp-json\/wp\/v2\/posts"}],"about":[{"href":"http:\/\/przedszkole.kosowlacki.pl\/wordpress\/wp-json\/wp\/v2\/types\/post"}],"author":[{"embeddable":true,"href":"http:\/\/przedszkole.kosowlacki.pl\/wordpress\/wp-json\/wp\/v2\/users\/2"}],"replies":[{"embeddable":true,"href":"http:\/\/przedszkole.kosowlacki.pl\/wordpress\/wp-json\/wp\/v2\/comments?post=8692"}],"version-history":[{"count":1,"href":"http:\/\/przedszkole.kosowlacki.pl\/wordpress\/wp-json\/wp\/v2\/posts\/8692\/revisions"}],"predecessor-version":[{"id":8693,"href":"http:\/\/przedszkole.kosowlacki.pl\/wordpress\/wp-json\/wp\/v2\/posts\/8692\/revisions\/8693"}],"wp:attachment":[{"href":"http:\/\/przedszkole.kosowlacki.pl\/wordpress\/wp-json\/wp\/v2\/media?parent=8692"}],"wp:term":[{"taxonomy":"category","embeddable":true,"href":"http:\/\/przedszkole.kosowlacki.pl\/wordpress\/wp-json\/wp\/v2\/categories?post=8692"},{"taxonomy":"post_tag","embeddable":true,"href":"http:\/\/przedszkole.kosowlacki.pl\/wordpress\/wp-json\/wp\/v2\/tags?post=8692"}],"curies":[{"name":"wp","href":"https:\/\/api.w.org\/{rel}","templated":true}]}}