{"id":8602,"date":"2022-10-04T21:37:36","date_gmt":"2022-10-04T19:37:36","guid":{"rendered":"http:\/\/przedszkole.kosowlacki.pl\/wordpress\/?p=8602"},"modified":"2022-10-04T21:44:24","modified_gmt":"2022-10-04T19:44:24","slug":"4-pazdziernika-swiatowy-dzien-zwierzat","status":"publish","type":"post","link":"http:\/\/przedszkole.kosowlacki.pl\/wordpress\/4-pazdziernika-swiatowy-dzien-zwierzat\/","title":{"rendered":"4 pa\u017adziernika &#8211; \u015awiatowy Dzie\u0144 Zwierz\u0105t"},"content":{"rendered":"<p>W naszym przedszkolu we wtorek \u2013 4 pa\u017adziernika, obchodzili\u015bmy <strong>\u015awiatowy Dzie\u0144 Zwierz\u0105t.<\/strong><\/p>\n<p>Rozmawiali\u015bmy o zwierz\u0119tach mieszkaj\u0105cych w lesie, w ZOO i na farmie. Przedszkolaki ch\u0119tnie opowiada\u0142y o swoich domowych pupilach. Okaza\u0142o si\u0119, \u017ce to nie tylko pies i kot ale te\u017c \u015bwinka morska i \u017c\u00f3\u0142w. \u00a0Wszyscy wiemy, \u017ce zwierz\u0119ta to nasi przyjaciele i musimy mie\u0107 do nich szacunek. Rozmawiali\u015bmy o tym co jedz\u0105 zwierz\u0105tka, gdzie mieszkaj\u0105, kt\u00f3re z nich \u00a0potrzebuj\u0105 zabawy z cz\u0142owiekiem a kt\u00f3re lubi\u0105 cisze i spok\u00f3j. Uczyli\u015bmy si\u0119 piosenek o zwierz\u0105tkach i wierszyk\u00f3w, a na koniec w ka\u017cdej grupie powsta\u0142y pi\u0119kne prace plastyczne przedstawiaj\u0105ce zwierz\u0119ta. Teraz w \u00a0naszym przedszkolu mo\u017cemy poczu\u0107 si\u0119 jak w prawdziwej Zwierzolandii!<\/p>\n<p style=\"text-align: right;\">\u00a0 \u00a0A. Ferenc<\/p>\n","protected":false},"excerpt":{"rendered":"<p>W naszym przedszkolu we wtorek \u2013 4 pa\u017adziernika, obchodzili\u015bmy \u015awiatowy Dzie\u0144 Zwierz\u0105t. Rozmawiali\u015bmy o zwierz\u0119tach mieszkaj\u0105cych w lesie, w ZOO i na farmie. Przedszkolaki ch\u0119tnie opowiada\u0142y o swoich domowych pupilach. Okaza\u0142o si\u0119, \u017ce to nie tylko pies i kot ale te\u017c \u015bwinka morska i \u017c\u00f3\u0142w. \u00a0Wszyscy wiemy, \u017ce zwierz\u0119ta to nasi przyjaciele i musimy mie\u0107&hellip; <br \/> <a class=\"read-more\" href=\"http:\/\/przedszkole.kosowlacki.pl\/wordpress\/4-pazdziernika-swiatowy-dzien-zwierzat\/\">Read more<\/a><\/p>\n","protected":false},"author":8,"featured_media":0,"comment_status":"open","ping_status":"open","sticky":false,"template":"","format":"standard","meta":[],"categories":[10],"tags":[],"_links":{"self":[{"href":"http:\/\/przedszkole.kosowlacki.pl\/wordpress\/wp-json\/wp\/v2\/posts\/8602"}],"collection":[{"href":"http:\/\/przedszkole.kosowlacki.pl\/wordpress\/wp-json\/wp\/v2\/posts"}],"about":[{"href":"http:\/\/przedszkole.kosowlacki.pl\/wordpress\/wp-json\/wp\/v2\/types\/post"}],"author":[{"embeddable":true,"href":"http:\/\/przedszkole.kosowlacki.pl\/wordpress\/wp-json\/wp\/v2\/users\/8"}],"replies":[{"embeddable":true,"href":"http:\/\/przedszkole.kosowlacki.pl\/wordpress\/wp-json\/wp\/v2\/comments?post=8602"}],"version-history":[{"count":2,"href":"http:\/\/przedszkole.kosowlacki.pl\/wordpress\/wp-json\/wp\/v2\/posts\/8602\/revisions"}],"predecessor-version":[{"id":8605,"href":"http:\/\/przedszkole.kosowlacki.pl\/wordpress\/wp-json\/wp\/v2\/posts\/8602\/revisions\/8605"}],"wp:attachment":[{"href":"http:\/\/przedszkole.kosowlacki.pl\/wordpress\/wp-json\/wp\/v2\/media?parent=8602"}],"wp:term":[{"taxonomy":"category","embeddable":true,"href":"http:\/\/przedszkole.kosowlacki.pl\/wordpress\/wp-json\/wp\/v2\/categories?post=8602"},{"taxonomy":"post_tag","embeddable":true,"href":"http:\/\/przedszkole.kosowlacki.pl\/wordpress\/wp-json\/wp\/v2\/tags?post=8602"}],"curies":[{"name":"wp","href":"https:\/\/api.w.org\/{rel}","templated":true}]}}