{"id":8529,"date":"2022-09-27T12:47:16","date_gmt":"2022-09-27T10:47:16","guid":{"rendered":"http:\/\/przedszkole.kosowlacki.pl\/wordpress\/?p=8529"},"modified":"2022-09-27T12:47:16","modified_gmt":"2022-09-27T10:47:16","slug":"bezpieczny-przedszkolak","status":"publish","type":"post","link":"http:\/\/przedszkole.kosowlacki.pl\/wordpress\/bezpieczny-przedszkolak\/","title":{"rendered":"BEZPIECZNY PRZEDSZKOLAK"},"content":{"rendered":"<p style=\"text-align: center;\"><em>\u201eJestem sobie przedszkolaczek\u00a0<\/em><\/p>\n<p style=\"text-align: center;\"><em>i z odblaskiem mam plecaczek.<\/em><\/p>\n<p style=\"text-align: center;\"><em>Znam numery alarmowe<\/em><\/p>\n<p style=\"text-align: center;\"><em>oraz znaki znam drogowe\u201d<\/em><\/p>\n<p style=\"text-align: center;\">W naszym przedszkolu bezpiecze\u0144stwo dziecka odgrywa bardzo istotn\u0105 rol\u0119. Od wielu lat realizujemy program BEZPIECZNY PRZEDSZKOLAK , w ramach kt\u00f3rego prowadzimy du\u017co zaj\u0119\u0107, zabaw i r\u00f3\u017cnych dzia\u0142a\u0144 ucz\u0105cych dzieci bezpiecznych zachowa\u0144 wychodz\u0105c z za\u0142o\u017cenia, \u017ce wiedzy i \u015bwiadomo\u015bci o zagro\u017ceniach nigdy do\u015b\u0107.<\/p>\n<p style=\"text-align: center;\">27 wrze\u015bnia w naszym przedszkolu odby\u0142y si\u0119\u00a0<strong>zaj\u0119cia edukacyjne<\/strong><strong>\u00a0<\/strong>pt.<strong>\u00a0<\/strong><strong>\u201eBezpieczny Przedszkolak\u201d<\/strong><strong>, <\/strong>kt\u00f3re mia\u0142y na celu<strong>\u00a0<\/strong><strong>poszerzenie i utrwalenie wiedzy<\/strong><strong>\u00a0<\/strong>dzieci na temat<strong>\u00a0prawid\u0142owego i bezpiecznego poruszania si\u0119 po drodze<\/strong><strong>. <\/strong>Przedszkolaki przypomnia\u0142y i utrwali\u0142y sobie<strong>\u00a0<\/strong><strong>numery telefon\u00f3w alarmowych, wybra\u0142y si\u0119 <\/strong>na\u00a0<strong>spacer na skrzy\u017cowanie ulic<\/strong><strong>\u00a0<\/strong>w pobli\u017cu przedszkola. Dzieci z uwag\u0105 obserwowa\u0142y<strong>\u00a0<\/strong><strong>ruch uliczny<\/strong><strong>, <\/strong>nazywa\u0142y pojazdy a przede wszystkim uczy\u0142y si\u0119\u00a0<strong>w\u0142a\u015bciwego sposobu przechodzenia przez jezdni\u0119<\/strong><strong>. <\/strong>G\u0142\u00f3wnym celem wycieczki by\u0142o<strong>\u00a0<\/strong><strong>przypomnienie i utrwalenie<\/strong><strong>\u00a0<\/strong>dzieciom<strong>\u00a0<\/strong><strong>zasad ruchu pieszego<\/strong><strong>, <\/strong>wyja\u015bnienie przeznaczenia<strong>\u00a0<\/strong><strong>sygnalizacji \u015bwietlnej, pas\u00f3w<\/strong><strong>, <\/strong>wybranych<strong>\u00a0<\/strong><strong>znak\u00f3w drogowych<\/strong><strong>.<\/strong><\/p>\n<p>&nbsp;<\/p>\n<p style=\"text-align: right;\">E. Ciesielska<\/p>\n","protected":false},"excerpt":{"rendered":"<p>\u201eJestem sobie przedszkolaczek\u00a0 i z odblaskiem mam plecaczek. Znam numery alarmowe oraz znaki znam drogowe\u201d W naszym przedszkolu bezpiecze\u0144stwo dziecka odgrywa bardzo istotn\u0105 rol\u0119. Od wielu lat realizujemy program BEZPIECZNY PRZEDSZKOLAK , w ramach kt\u00f3rego prowadzimy du\u017co zaj\u0119\u0107, zabaw i r\u00f3\u017cnych dzia\u0142a\u0144 ucz\u0105cych dzieci bezpiecznych zachowa\u0144 wychodz\u0105c z za\u0142o\u017cenia, \u017ce wiedzy i \u015bwiadomo\u015bci o zagro\u017ceniach&hellip; <br \/> <a class=\"read-more\" href=\"http:\/\/przedszkole.kosowlacki.pl\/wordpress\/bezpieczny-przedszkolak\/\">Read more<\/a><\/p>\n","protected":false},"author":8,"featured_media":0,"comment_status":"open","ping_status":"open","sticky":false,"template":"","format":"standard","meta":[],"categories":[10],"tags":[],"_links":{"self":[{"href":"http:\/\/przedszkole.kosowlacki.pl\/wordpress\/wp-json\/wp\/v2\/posts\/8529"}],"collection":[{"href":"http:\/\/przedszkole.kosowlacki.pl\/wordpress\/wp-json\/wp\/v2\/posts"}],"about":[{"href":"http:\/\/przedszkole.kosowlacki.pl\/wordpress\/wp-json\/wp\/v2\/types\/post"}],"author":[{"embeddable":true,"href":"http:\/\/przedszkole.kosowlacki.pl\/wordpress\/wp-json\/wp\/v2\/users\/8"}],"replies":[{"embeddable":true,"href":"http:\/\/przedszkole.kosowlacki.pl\/wordpress\/wp-json\/wp\/v2\/comments?post=8529"}],"version-history":[{"count":1,"href":"http:\/\/przedszkole.kosowlacki.pl\/wordpress\/wp-json\/wp\/v2\/posts\/8529\/revisions"}],"predecessor-version":[{"id":8530,"href":"http:\/\/przedszkole.kosowlacki.pl\/wordpress\/wp-json\/wp\/v2\/posts\/8529\/revisions\/8530"}],"wp:attachment":[{"href":"http:\/\/przedszkole.kosowlacki.pl\/wordpress\/wp-json\/wp\/v2\/media?parent=8529"}],"wp:term":[{"taxonomy":"category","embeddable":true,"href":"http:\/\/przedszkole.kosowlacki.pl\/wordpress\/wp-json\/wp\/v2\/categories?post=8529"},{"taxonomy":"post_tag","embeddable":true,"href":"http:\/\/przedszkole.kosowlacki.pl\/wordpress\/wp-json\/wp\/v2\/tags?post=8529"}],"curies":[{"name":"wp","href":"https:\/\/api.w.org\/{rel}","templated":true}]}}