{"id":8110,"date":"2022-09-07T12:59:38","date_gmt":"2022-09-07T10:59:38","guid":{"rendered":"http:\/\/przedszkole.kosowlacki.pl\/wordpress\/?p=8110"},"modified":"2022-09-07T12:59:38","modified_gmt":"2022-09-07T10:59:38","slug":"ogloszenie-14","status":"publish","type":"post","link":"http:\/\/przedszkole.kosowlacki.pl\/wordpress\/ogloszenie-14\/","title":{"rendered":"Og\u0142oszenie"},"content":{"rendered":"<h2 style=\"text-align: center;\">Od dnia\u00a0 1.08. 2022r. obowi\u0105zuje nowe konto za \u017cywienie w Gminnym Przedszkolu<\/h2>\n<h2 style=\"text-align: center;\"><strong><span style=\"color: #ff0000;\">Nr konta 81 9221 0000 0051 8882 2000 0040<\/span><\/strong><\/h2>\n<h3 style=\"text-align: center;\"><span style=\"color: #000080;\"><strong>Odbiorca<\/strong><\/span><\/h3>\n<h3 style=\"text-align: center;\"><strong>Gminne Przedszkole w Kosowie Lackim<\/strong><\/h3>\n<h3 style=\"text-align: center;\"><strong>08 &#8211; 330 Kos\u00f3w Lacki<\/strong><\/h3>\n<h3 style=\"text-align: center;\"><strong>ul. Polna 1<\/strong><\/h3>\n<h3 style=\"text-align: center;\"><strong><span style=\"color: #000080;\">w tytule p\u0142atno\u015bci prosz\u0119 wpisa\u0107:<\/span><\/strong><\/h3>\n<h3 style=\"text-align: center;\">imi\u0119 i nazwisko dziecka<\/h3>\n<h3 style=\"text-align: center;\">nazw\u0119 grupy<\/h3>\n<h3 style=\"text-align: center;\">kwot\u0119<\/h3>\n<h3 style=\"text-align: center;\">za jaki miesi\u0105c i za co wp\u0142acamy<\/h3>\n<hr \/>\n<h2 style=\"text-align: center;\"><strong>Op\u0142ata za pobyt dziecka w Przedszkolu<\/strong><\/h2>\n<h2 style=\"text-align: center;\"><span style=\"color: #ff0000;\">Nr konta 18 9221 0000 0051 8882 2000 0010<\/span><\/h2>\n<h3 style=\"text-align: center;\"><strong><span style=\"color: #000080;\">Odbiorca:<\/span><\/strong><\/h3>\n<h3 style=\"text-align: center;\">Gminne Przedszkole w Kosowie Lackim<\/h3>\n<h3 style=\"text-align: center;\">08-330 Kos\u00f3w Lacki<\/h3>\n<h3 style=\"text-align: center;\">ul. Polna 1<\/h3>\n<h3 style=\"text-align: center;\"><span style=\"color: #000080;\"><strong>W tytule p\u0142atno\u015bci prosz\u0119 wpisa\u0107:<\/strong><\/span><\/h3>\n<h3 style=\"text-align: center;\">imi\u0119 i nazwisko dziecka<\/h3>\n<h3 style=\"text-align: center;\">nazw\u0119 grupy<\/h3>\n<h3 style=\"text-align: center;\">kwot\u0119<\/h3>\n<h3 style=\"text-align: center;\">za jaki miesi\u0105c i za co wp\u0142acamy<\/h3>\n<h3 style=\"text-align: center;\"><\/h3>\n<h3><\/h3>\n<h3><\/h3>\n<h3><\/h3>\n","protected":false},"excerpt":{"rendered":"<p>Od dnia\u00a0 1.08. 2022r. obowi\u0105zuje nowe konto za \u017cywienie w Gminnym Przedszkolu Nr konta 81 9221 0000 0051 8882 2000 0040 Odbiorca Gminne Przedszkole w Kosowie Lackim 08 &#8211; 330 Kos\u00f3w Lacki ul. Polna 1 w tytule p\u0142atno\u015bci prosz\u0119 wpisa\u0107: imi\u0119 i nazwisko dziecka nazw\u0119 grupy kwot\u0119 za jaki miesi\u0105c i za co wp\u0142acamy Op\u0142ata&hellip; <br \/> <a class=\"read-more\" href=\"http:\/\/przedszkole.kosowlacki.pl\/wordpress\/ogloszenie-14\/\">Read more<\/a><\/p>\n","protected":false},"author":2,"featured_media":0,"comment_status":"open","ping_status":"open","sticky":false,"template":"","format":"standard","meta":[],"categories":[11],"tags":[],"_links":{"self":[{"href":"http:\/\/przedszkole.kosowlacki.pl\/wordpress\/wp-json\/wp\/v2\/posts\/8110"}],"collection":[{"href":"http:\/\/przedszkole.kosowlacki.pl\/wordpress\/wp-json\/wp\/v2\/posts"}],"about":[{"href":"http:\/\/przedszkole.kosowlacki.pl\/wordpress\/wp-json\/wp\/v2\/types\/post"}],"author":[{"embeddable":true,"href":"http:\/\/przedszkole.kosowlacki.pl\/wordpress\/wp-json\/wp\/v2\/users\/2"}],"replies":[{"embeddable":true,"href":"http:\/\/przedszkole.kosowlacki.pl\/wordpress\/wp-json\/wp\/v2\/comments?post=8110"}],"version-history":[{"count":1,"href":"http:\/\/przedszkole.kosowlacki.pl\/wordpress\/wp-json\/wp\/v2\/posts\/8110\/revisions"}],"predecessor-version":[{"id":8111,"href":"http:\/\/przedszkole.kosowlacki.pl\/wordpress\/wp-json\/wp\/v2\/posts\/8110\/revisions\/8111"}],"wp:attachment":[{"href":"http:\/\/przedszkole.kosowlacki.pl\/wordpress\/wp-json\/wp\/v2\/media?parent=8110"}],"wp:term":[{"taxonomy":"category","embeddable":true,"href":"http:\/\/przedszkole.kosowlacki.pl\/wordpress\/wp-json\/wp\/v2\/categories?post=8110"},{"taxonomy":"post_tag","embeddable":true,"href":"http:\/\/przedszkole.kosowlacki.pl\/wordpress\/wp-json\/wp\/v2\/tags?post=8110"}],"curies":[{"name":"wp","href":"https:\/\/api.w.org\/{rel}","templated":true}]}}