{"id":7969,"date":"2022-06-23T13:32:16","date_gmt":"2022-06-23T11:32:16","guid":{"rendered":"http:\/\/przedszkole.kosowlacki.pl\/wordpress\/?p=7969"},"modified":"2022-06-23T13:32:32","modified_gmt":"2022-06-23T11:32:32","slug":"dzien-ojca","status":"publish","type":"post","link":"http:\/\/przedszkole.kosowlacki.pl\/wordpress\/dzien-ojca\/","title":{"rendered":"DZIE\u0143 OJCA"},"content":{"rendered":"<div class=\"\" data-block=\"true\" data-editor=\"9hfrr\" data-offset-key=\"2hfm2-0-0\">\n<div class=\"_1mf _1mj\" style=\"text-align: center;\" data-offset-key=\"2hfm2-0-0\"><span data-offset-key=\"2hfm2-0-0\">Drogi Tatusiu,<\/span><\/div>\n<\/div>\n<div class=\"\" style=\"text-align: center;\" data-block=\"true\" data-editor=\"9hfrr\" data-offset-key=\"c14ls-0-0\">\n<div class=\"_1mf _1mj\" data-offset-key=\"c14ls-0-0\"><span data-offset-key=\"c14ls-0-0\">Za Twe czu\u0142e serce, za m\u0105dre nakazy<\/span><\/div>\n<\/div>\n<div class=\"\" style=\"text-align: center;\" data-block=\"true\" data-editor=\"9hfrr\" data-offset-key=\"6kpq2-0-0\">\n<div class=\"_1mf _1mj\" data-offset-key=\"6kpq2-0-0\"><span data-offset-key=\"6kpq2-0-0\">W dniu Twojego \u015bwi\u0119ta dzi\u0119kuj\u0119 \u2013 sto razy!<\/span><\/div>\n<\/div>\n<div class=\"\" style=\"text-align: center;\" data-block=\"true\" data-editor=\"9hfrr\" data-offset-key=\"4erv5-0-0\">\n<div class=\"_1mf _1mj\" data-offset-key=\"4erv5-0-0\"><span data-offset-key=\"4erv5-0-0\">\u00a0<\/span><\/div>\n<\/div>\n<div class=\"\" data-block=\"true\" data-editor=\"9hfrr\" data-offset-key=\"88uu6-0-0\">\n<div class=\"_1mf _1mj\" style=\"text-align: center;\" data-offset-key=\"88uu6-0-0\"><span data-offset-key=\"88uu6-0-0\">Zapraszamy do obejrzenia fotorelacji<\/span><\/div>\n<\/div>\n","protected":false},"excerpt":{"rendered":"<p>Drogi Tatusiu, Za Twe czu\u0142e serce, za m\u0105dre nakazy W dniu Twojego \u015bwi\u0119ta dzi\u0119kuj\u0119 \u2013 sto razy! \u00a0 Zapraszamy do obejrzenia fotorelacji<\/p>\n","protected":false},"author":6,"featured_media":0,"comment_status":"open","ping_status":"open","sticky":false,"template":"","format":"standard","meta":[],"categories":[1],"tags":[],"_links":{"self":[{"href":"http:\/\/przedszkole.kosowlacki.pl\/wordpress\/wp-json\/wp\/v2\/posts\/7969"}],"collection":[{"href":"http:\/\/przedszkole.kosowlacki.pl\/wordpress\/wp-json\/wp\/v2\/posts"}],"about":[{"href":"http:\/\/przedszkole.kosowlacki.pl\/wordpress\/wp-json\/wp\/v2\/types\/post"}],"author":[{"embeddable":true,"href":"http:\/\/przedszkole.kosowlacki.pl\/wordpress\/wp-json\/wp\/v2\/users\/6"}],"replies":[{"embeddable":true,"href":"http:\/\/przedszkole.kosowlacki.pl\/wordpress\/wp-json\/wp\/v2\/comments?post=7969"}],"version-history":[{"count":1,"href":"http:\/\/przedszkole.kosowlacki.pl\/wordpress\/wp-json\/wp\/v2\/posts\/7969\/revisions"}],"predecessor-version":[{"id":7970,"href":"http:\/\/przedszkole.kosowlacki.pl\/wordpress\/wp-json\/wp\/v2\/posts\/7969\/revisions\/7970"}],"wp:attachment":[{"href":"http:\/\/przedszkole.kosowlacki.pl\/wordpress\/wp-json\/wp\/v2\/media?parent=7969"}],"wp:term":[{"taxonomy":"category","embeddable":true,"href":"http:\/\/przedszkole.kosowlacki.pl\/wordpress\/wp-json\/wp\/v2\/categories?post=7969"},{"taxonomy":"post_tag","embeddable":true,"href":"http:\/\/przedszkole.kosowlacki.pl\/wordpress\/wp-json\/wp\/v2\/tags?post=7969"}],"curies":[{"name":"wp","href":"https:\/\/api.w.org\/{rel}","templated":true}]}}