{"id":7950,"date":"2022-06-23T13:12:18","date_gmt":"2022-06-23T11:12:18","guid":{"rendered":"http:\/\/przedszkole.kosowlacki.pl\/wordpress\/?p=7950"},"modified":"2022-06-23T13:13:29","modified_gmt":"2022-06-23T11:13:29","slug":"wizyta-ksiedza-biskupa-w-naszym-przedszkolu","status":"publish","type":"post","link":"http:\/\/przedszkole.kosowlacki.pl\/wordpress\/wizyta-ksiedza-biskupa-w-naszym-przedszkolu\/","title":{"rendered":"Wizyta Ksi\u0119dza Biskupa w naszym Przedszkolu"},"content":{"rendered":"<p style=\"text-align: center;\"><strong>14 czerwca\u00a0 Gminne\u00a0 Przedszkole oraz Klub Dzieci\u0119cy w Kosowie Lackim\u00a0 odwiedzi\u0142 Biskup Diecezji Drohiczy\u0144skiej <\/strong>\u00a0Piotr Sawczuk <strong>w towarzystwie swojego sekretarza oraz proboszcza naszej parafii.<\/strong><\/p>\n<p style=\"text-align: center;\">Spo\u0142eczno\u015b\u0107 przedszkolna \u00a0na wej\u015bcie za\u015bpiewa\u0142a pie\u015b\u0144\u00a0 \u201eB\u0105d\u017a pozdrowiony go\u015bciu nasz\u201d, nast\u0119pnie Pani Dyrektor powita\u0142a przyby\u0142ych go\u015bci w imieniu wszystkich dzieci i pracownik\u00f3w. Dzieci zaprezentowa\u0142y swoje umiej\u0119tno\u015bci recytatorskie i wokalne w cz\u0119\u015bci artystycznej przygotowanej na t\u0119 okazj\u0119.<\/p>\n<p style=\"text-align: center;\">Na zako\u0144czenie spotkania Jego Ekscelencja Ksi\u0105dz Biskup Piotr Sawczuk \u00a0udzieli\u0142 wszystkim zebranym pasterskiego\u00a0 b\u0142ogos\u0142awie\u0144stwa oraz wr\u0119czy\u0142 dzieciom pami\u0105tkowe obrazki .<\/p>\n<p style=\"text-align: center;\">Serdecznie dzi\u0119kujemy za tak pi\u0119kne i wzruszaj\u0105ce spotkanie, wnosz\u0105ce wiele ciep\u0142a do naszego codziennego \u017cycia.<\/p>\n<p style=\"text-align: right;\">Ewa Ciesielska<\/p>\n","protected":false},"excerpt":{"rendered":"<p>14 czerwca\u00a0 Gminne\u00a0 Przedszkole oraz Klub Dzieci\u0119cy w Kosowie Lackim\u00a0 odwiedzi\u0142 Biskup Diecezji Drohiczy\u0144skiej \u00a0Piotr Sawczuk w towarzystwie swojego sekretarza oraz proboszcza naszej parafii. Spo\u0142eczno\u015b\u0107 przedszkolna \u00a0na wej\u015bcie za\u015bpiewa\u0142a pie\u015b\u0144\u00a0 \u201eB\u0105d\u017a pozdrowiony go\u015bciu nasz\u201d, nast\u0119pnie Pani Dyrektor powita\u0142a przyby\u0142ych go\u015bci w imieniu wszystkich dzieci i pracownik\u00f3w. Dzieci zaprezentowa\u0142y swoje umiej\u0119tno\u015bci recytatorskie i wokalne w cz\u0119\u015bci&hellip; <br \/> <a class=\"read-more\" href=\"http:\/\/przedszkole.kosowlacki.pl\/wordpress\/wizyta-ksiedza-biskupa-w-naszym-przedszkolu\/\">Read more<\/a><\/p>\n","protected":false},"author":8,"featured_media":0,"comment_status":"open","ping_status":"open","sticky":false,"template":"","format":"standard","meta":[],"categories":[10],"tags":[],"_links":{"self":[{"href":"http:\/\/przedszkole.kosowlacki.pl\/wordpress\/wp-json\/wp\/v2\/posts\/7950"}],"collection":[{"href":"http:\/\/przedszkole.kosowlacki.pl\/wordpress\/wp-json\/wp\/v2\/posts"}],"about":[{"href":"http:\/\/przedszkole.kosowlacki.pl\/wordpress\/wp-json\/wp\/v2\/types\/post"}],"author":[{"embeddable":true,"href":"http:\/\/przedszkole.kosowlacki.pl\/wordpress\/wp-json\/wp\/v2\/users\/8"}],"replies":[{"embeddable":true,"href":"http:\/\/przedszkole.kosowlacki.pl\/wordpress\/wp-json\/wp\/v2\/comments?post=7950"}],"version-history":[{"count":2,"href":"http:\/\/przedszkole.kosowlacki.pl\/wordpress\/wp-json\/wp\/v2\/posts\/7950\/revisions"}],"predecessor-version":[{"id":7952,"href":"http:\/\/przedszkole.kosowlacki.pl\/wordpress\/wp-json\/wp\/v2\/posts\/7950\/revisions\/7952"}],"wp:attachment":[{"href":"http:\/\/przedszkole.kosowlacki.pl\/wordpress\/wp-json\/wp\/v2\/media?parent=7950"}],"wp:term":[{"taxonomy":"category","embeddable":true,"href":"http:\/\/przedszkole.kosowlacki.pl\/wordpress\/wp-json\/wp\/v2\/categories?post=7950"},{"taxonomy":"post_tag","embeddable":true,"href":"http:\/\/przedszkole.kosowlacki.pl\/wordpress\/wp-json\/wp\/v2\/tags?post=7950"}],"curies":[{"name":"wp","href":"https:\/\/api.w.org\/{rel}","templated":true}]}}