{"id":7765,"date":"2022-06-09T11:15:26","date_gmt":"2022-06-09T09:15:26","guid":{"rendered":"http:\/\/przedszkole.kosowlacki.pl\/wordpress\/?p=7765"},"modified":"2022-06-09T11:15:26","modified_gmt":"2022-06-09T09:15:26","slug":"ogloszenie-13","status":"publish","type":"post","link":"http:\/\/przedszkole.kosowlacki.pl\/wordpress\/ogloszenie-13\/","title":{"rendered":"Og\u0142oszenie"},"content":{"rendered":"<h3 style=\"text-align: left;\">Zebranie z rodzicami dzieci, kt\u00f3re od wrze\u015bnia 2022 roku po raz pierwszy b\u0119d\u0105 chodzi\u0142y do naszego\u00a0 przedszkola, odb\u0119dzie si\u0119 <strong><span style=\"color: #ff0000;\">28 czerwca<\/span><\/strong> (wtorek) o godzinie <span style=\"color: #ff0000;\"><strong>16.15<\/strong><\/span> na sali gimnastycznej ( wej\u015bcie od strony boiska).<\/h3>\n","protected":false},"excerpt":{"rendered":"<p>Zebranie z rodzicami dzieci, kt\u00f3re od wrze\u015bnia 2022 roku po raz pierwszy b\u0119d\u0105 chodzi\u0142y do naszego\u00a0 przedszkola, odb\u0119dzie si\u0119 28 czerwca (wtorek) o godzinie 16.15 na sali gimnastycznej ( wej\u015bcie od strony boiska).<\/p>\n","protected":false},"author":2,"featured_media":0,"comment_status":"open","ping_status":"open","sticky":false,"template":"","format":"standard","meta":[],"categories":[11],"tags":[],"_links":{"self":[{"href":"http:\/\/przedszkole.kosowlacki.pl\/wordpress\/wp-json\/wp\/v2\/posts\/7765"}],"collection":[{"href":"http:\/\/przedszkole.kosowlacki.pl\/wordpress\/wp-json\/wp\/v2\/posts"}],"about":[{"href":"http:\/\/przedszkole.kosowlacki.pl\/wordpress\/wp-json\/wp\/v2\/types\/post"}],"author":[{"embeddable":true,"href":"http:\/\/przedszkole.kosowlacki.pl\/wordpress\/wp-json\/wp\/v2\/users\/2"}],"replies":[{"embeddable":true,"href":"http:\/\/przedszkole.kosowlacki.pl\/wordpress\/wp-json\/wp\/v2\/comments?post=7765"}],"version-history":[{"count":1,"href":"http:\/\/przedszkole.kosowlacki.pl\/wordpress\/wp-json\/wp\/v2\/posts\/7765\/revisions"}],"predecessor-version":[{"id":7766,"href":"http:\/\/przedszkole.kosowlacki.pl\/wordpress\/wp-json\/wp\/v2\/posts\/7765\/revisions\/7766"}],"wp:attachment":[{"href":"http:\/\/przedszkole.kosowlacki.pl\/wordpress\/wp-json\/wp\/v2\/media?parent=7765"}],"wp:term":[{"taxonomy":"category","embeddable":true,"href":"http:\/\/przedszkole.kosowlacki.pl\/wordpress\/wp-json\/wp\/v2\/categories?post=7765"},{"taxonomy":"post_tag","embeddable":true,"href":"http:\/\/przedszkole.kosowlacki.pl\/wordpress\/wp-json\/wp\/v2\/tags?post=7765"}],"curies":[{"name":"wp","href":"https:\/\/api.w.org\/{rel}","templated":true}]}}