{"id":7763,"date":"2022-06-09T09:36:39","date_gmt":"2022-06-09T07:36:39","guid":{"rendered":"http:\/\/przedszkole.kosowlacki.pl\/wordpress\/?p=7763"},"modified":"2022-06-09T09:36:39","modified_gmt":"2022-06-09T07:36:39","slug":"zaproszenie","status":"publish","type":"post","link":"http:\/\/przedszkole.kosowlacki.pl\/wordpress\/zaproszenie\/","title":{"rendered":"ZAPROSZENIE"},"content":{"rendered":"<p style=\"text-align: center;\"><em>Dyrektor Przedszkola oraz grono pedagogiczne<\/em><\/p>\n<p style=\"text-align: center;\"><em>\u00a0serdecznie zapraszaj\u0105 <strong>Dzieci z grup \u201eMotylki\u201d i \u201eS\u0142oneczka\u201d z Rodzicami<\/strong><\/em><\/p>\n<p style=\"text-align: center;\"><em>na <strong>Uroczysto\u015b\u0107 Zako\u0144czenia Przedszkola<\/strong>,<\/em><\/p>\n<p style=\"text-align: center;\"><em>kt\u00f3ra odb\u0119dzie si\u0119 w dniu <strong>22 czerwca o godz. 10.00<\/strong> w sali gimnastycznej.<\/em><\/p>\n<p style=\"text-align: center;\">\n<p style=\"text-align: center;\"><em>Prosimy o str\u00f3j galowy dla dzieci z grup ko\u0144cz\u0105cych przedszkole.<\/em><\/p>\n","protected":false},"excerpt":{"rendered":"<p>Dyrektor Przedszkola oraz grono pedagogiczne \u00a0serdecznie zapraszaj\u0105 Dzieci z grup \u201eMotylki\u201d i \u201eS\u0142oneczka\u201d z Rodzicami na Uroczysto\u015b\u0107 Zako\u0144czenia Przedszkola, kt\u00f3ra odb\u0119dzie si\u0119 w dniu 22 czerwca o godz. 10.00 w sali gimnastycznej. Prosimy o str\u00f3j galowy dla dzieci z grup ko\u0144cz\u0105cych przedszkole.<\/p>\n","protected":false},"author":8,"featured_media":0,"comment_status":"open","ping_status":"open","sticky":false,"template":"","format":"standard","meta":[],"categories":[11],"tags":[],"_links":{"self":[{"href":"http:\/\/przedszkole.kosowlacki.pl\/wordpress\/wp-json\/wp\/v2\/posts\/7763"}],"collection":[{"href":"http:\/\/przedszkole.kosowlacki.pl\/wordpress\/wp-json\/wp\/v2\/posts"}],"about":[{"href":"http:\/\/przedszkole.kosowlacki.pl\/wordpress\/wp-json\/wp\/v2\/types\/post"}],"author":[{"embeddable":true,"href":"http:\/\/przedszkole.kosowlacki.pl\/wordpress\/wp-json\/wp\/v2\/users\/8"}],"replies":[{"embeddable":true,"href":"http:\/\/przedszkole.kosowlacki.pl\/wordpress\/wp-json\/wp\/v2\/comments?post=7763"}],"version-history":[{"count":1,"href":"http:\/\/przedszkole.kosowlacki.pl\/wordpress\/wp-json\/wp\/v2\/posts\/7763\/revisions"}],"predecessor-version":[{"id":7764,"href":"http:\/\/przedszkole.kosowlacki.pl\/wordpress\/wp-json\/wp\/v2\/posts\/7763\/revisions\/7764"}],"wp:attachment":[{"href":"http:\/\/przedszkole.kosowlacki.pl\/wordpress\/wp-json\/wp\/v2\/media?parent=7763"}],"wp:term":[{"taxonomy":"category","embeddable":true,"href":"http:\/\/przedszkole.kosowlacki.pl\/wordpress\/wp-json\/wp\/v2\/categories?post=7763"},{"taxonomy":"post_tag","embeddable":true,"href":"http:\/\/przedszkole.kosowlacki.pl\/wordpress\/wp-json\/wp\/v2\/tags?post=7763"}],"curies":[{"name":"wp","href":"https:\/\/api.w.org\/{rel}","templated":true}]}}