{"id":5465,"date":"2021-09-07T09:55:46","date_gmt":"2021-09-07T07:55:46","guid":{"rendered":"http:\/\/przedszkole.kosowlacki.pl\/wordpress\/?p=5465"},"modified":"2021-09-07T12:57:06","modified_gmt":"2021-09-07T10:57:06","slug":"zamierzenia-na-wrzesien","status":"publish","type":"post","link":"http:\/\/przedszkole.kosowlacki.pl\/wordpress\/zamierzenia-na-wrzesien\/","title":{"rendered":"Zamierzenia na wrzesie\u0144"},"content":{"rendered":"<h2 align=\"center\"><span style=\"color: #0000ff;\">3 LATKI<\/span><\/h2>\n<h3><span style=\"color: #ffff00;\">,,Spacerkiem po przedszkolu\u201d<\/span><\/h3>\n<ul>\n<li>\n<h3>budowanie \u015bwiadomo\u015bci przynale\u017cno\u015bci do grupy przedszkolnej,<\/h3>\n<\/li>\n<li>\n<h3>zach\u0119canie do dzia\u0142alno\u015bci plastycznej: rysowanie na dowolny temat, lepienie z plasteliny,<\/h3>\n<\/li>\n<li>\n<h3>ustalanie zasad obowi\u0105zuj\u0105cych w grupie,<\/h3>\n<\/li>\n<li>\n<h3>kszta\u0142towanie nawyk\u00f3w prawid\u0142owego spo\u017cywanie posi\u0142k\u00f3w,<\/h3>\n<\/li>\n<li>\n<h3>wdra\u017canie do uczestnictwa w zabawach ruchowych i tematycznych,<\/h3>\n<\/li>\n<li>\n<h3>pr\u00f3by klasyfikowania zabawek wed\u0142ug rodzaju,<\/h3>\n<\/li>\n<\/ul>\n<h3><span style=\"color: #ffff00;\">,,W przedszkolu jest mi\u0142o i bezpiecznie\u201d <\/span><\/h3>\n<ul>\n<li>\n<h3>formu\u0142owanie odpowiedzi na pytania nauczyciela,<\/h3>\n<\/li>\n<li>\n<h3>wdra\u017canie do respektowania zasad grupowych \u2013 podnoszenie r\u0119ki, siedzenie w kr\u0119gu w siadzie skrzy\u017cnym, czekanie na swoj\u0105 kolej,<\/h3>\n<\/li>\n<li>\n<h3>reagowanie na polecenia s\u0142owne,<\/h3>\n<\/li>\n<li>\n<h3>kszta\u0142towanie umiej\u0119tno\u015bci rozpoznawania i nazywania kolor\u00f3w,<\/h3>\n<\/li>\n<li>\n<h3>budowanie czynnego i biernego s\u0142ownictwa,<\/h3>\n<\/li>\n<li>\n<h3>kszta\u0142towanie nawyk\u00f3w prawid\u0142owego mycia i wycierania r\u0105k,<\/h3>\n<\/li>\n<li>\n<h3>wdra\u017canie do u\u017cywanie zwrot\u00f3w grzeczno\u015bciowych: \u201eprosz\u0119\u201d, \u201edzi\u0119kuj\u0119\u201d i \u201eprzepraszam\u201d,<\/h3>\n<\/li>\n<li>\n<h3>wdra\u017canie do uczestnictwa w zabawach integracyjnych, ruchowych i muzycznych,<\/h3>\n<\/li>\n<\/ul>\n<h3><span style=\"color: #ffff00;\">,,Lubi\u0119 bawi\u0107 si\u0119 w przedszkolu\u201d<\/span><\/h3>\n<ul>\n<li>\n<h3>rozwijanie wielokierunkowej aktywno\u015bci dzieci,<\/h3>\n<\/li>\n<li>\n<h3>kszta\u0142towanie umiej\u0119tno\u015bci utrzymania r\u00f3wnowagi,<\/h3>\n<\/li>\n<li>\n<h3>zach\u0119canie do wypowiadania si\u0119 na temat,<\/h3>\n<\/li>\n<li>\n<h3>rozwijanie koordynacji s\u0142owno \u2013 ruchowej,<\/h3>\n<\/li>\n<li>\n<h3>umuzykalnianie dzieci,<\/h3>\n<\/li>\n<li>\n<h3>wdra\u017canie do przestrzegania zasad ostro\u017cno\u015bci podczas zabawy ruchowej,<\/h3>\n<\/li>\n<\/ul>\n<h3><span style=\"color: #ffff00;\">,,W przedszkolu nie jestem sam\u201d<\/span><\/h3>\n<ul>\n<li>\n<h3>kszta\u0142towanie poj\u0119\u0107 matematycznych &#8211; utrwalanie poj\u0119cia \u201epara\u201d,<\/h3>\n<\/li>\n<li>\n<h3>rozwijanie szybkiej reakcji na sygna\u0142 i umiej\u0119tno\u015bci na\u015bladowania ruchu,<\/h3>\n<\/li>\n<li>\n<h3>wdra\u017canie do uwa\u017cnego s\u0142uchania i wypowiadania,<\/h3>\n<\/li>\n<li>\n<h3>rozwijanie umiej\u0119tno\u015bci nazywania i rozpoznawania kolor\u00f3w,<\/h3>\n<\/li>\n<li>\n<h3>rozwijanie wielokierunkowej aktywno\u015bci,<\/h3>\n<\/li>\n<\/ul>\n<h3 align=\"center\"><span style=\"color: #0000ff;\">Piosenka do utrwalenia <\/span><\/h3>\n<h3 align=\"center\"><span style=\"color: #ffff00;\">,,Jestem zuch\u201d <\/span><\/h3>\n<h3 style=\"text-align: center;\" align=\"left\">Jestem zuch, jestem zuch!<br \/>\nTu mam g\u0142ow\u0119, a tu brzuch.<br \/>\nKlaszcz\u0119 w r\u0119ce: ram, tam, tam!<br \/>\nI dzie\u0144 dobry m\u00f3wi\u0119 wam!<\/h3>\n<h3 style=\"text-align: center;\" align=\"left\">Jestem zuch, jestem zuch!<br \/>\nTu mam nosek, a tu brzuch.<br \/>\nKlaszcz\u0119 w r\u0119ce: ram, tam, tam!<br \/>\nI dzie\u0144 dobry m\u00f3wi\u0119 wam!<\/h3>\n<h3 align=\"left\"><\/h3>\n<h2 align=\"left\"><\/h2>\n<h2 style=\"text-align: center;\" align=\"left\"><span style=\"color: #993366;\">4 LATKI<\/span><\/h2>\n<h3><span style=\"color: #ff00ff;\">I Przyjaci\u00f3\u0142 pozna\u0107 czas, przedszkole wita nas<\/span><\/h3>\n<h3>\u2022 Zapoznanie si\u0119 dzieci w\u00a0obr\u0119bie grupy, a\u00a0tak\u017ce z\u00a0nauczycielem, sal\u0105, bohaterem \u201eKsi\u0105\u017cki\u201d<\/h3>\n<h3>\u2022 Kszta\u0142towanie umiej\u0119tno\u015bci zgodnego wsp\u00f3\u0142dzia\u0142ania w\u00a0zabawie z\u00a0innymi dzie\u0107mi i\u00a0wsp\u00f3\u0142pracy z\u00a0nauczycielem<\/h3>\n<h3>\u2022 Poznanie pomieszcze\u0144 przedszkolnych i\u00a0ich funkcji<\/h3>\n<h3>\u2022 Wspomaganie dzieci w\u00a0dobrym funkcjonowaniu spo\u0142ecznym i\u00a0w budowaniu dobrego samopoczucia<\/h3>\n<h3>\u2022 Wzbudzanie zaufania do nauczyciela i\u00a0innych dzieci<\/h3>\n<h3>\u2022 Kszta\u0142towanie \u015bwiadomo\u015bci w\u0142asnego \u201eja\u201d oraz orientacji przestrzennej<\/h3>\n<h3><span style=\"color: #ff00ff;\">II W moim domu nie nudzi si\u0119 nikomu<\/span><\/h3>\n<h3>\u2022 Rozwijanie u\u00a0dzieci zdolno\u015bci do uwa\u017cnego s\u0142uchania opowiada\u0144 i\u00a0wierszy<\/h3>\n<h3>\u2022 Nauka wymiany jeden do jednego<\/h3>\n<h3>\u2022 Kszta\u0142towanie pozytywnego, pe\u0142nego ciekawo\u015bci stosunku do ksi\u0105\u017cek i\u00a0literatury dla dzieci<\/h3>\n<h3>\u2022 Zapoznanie dzieci z\u00a0barwami podstawowymi i\u00a0pochodnymi<\/h3>\n<h3>\u2022 Wyrabianie u\u00a0dzieci poczucia odpowiedzialno\u015bci za porz\u0105dek w\u00a0najbli\u017cszym otoczeniu<\/h3>\n<h3><span style=\"color: #ff00ff;\">III Stop! Uwaga! Niebezpiecznie! Zasad naucz si\u0119 koniecznie!<\/span><\/h3>\n<h3>\u2022 U\u015bwiadomienie konieczno\u015bci przestrzegania zasad gwarantuj\u0105cych bezpiecze\u0144stwo w\u00a0przedszkolu i\u00a0poza nim<\/h3>\n<h3>\u2022 Zapoznanie z\u00a0przedstawicielem s\u0142u\u017cb mundurowych \u2013 policjantem<\/h3>\n<h3>\u2022 Poszerzenie s\u0142ownictwa i\u00a0wiedzy z\u00a0zakresu zasad ruchu drogowego<\/h3>\n<h3>\u2022 Doskonalenie analizy s\u0142uchowej, wyodr\u0119bnianie, rozr\u00f3\u017cnianie i\u00a0nazywanie d\u017awi\u0119k\u00f3w z\u00a0otoczenia<\/h3>\n<h3>\u2022 Rozbudzanie intuicji geometrycznej (ko\u0142o)<\/h3>\n<h3>\u2022 Kszta\u0142towanie nawyku przestrzegania zasad ruchu drogowego<\/h3>\n<h3><span style=\"color: #ff00ff;\">IV Ka\u017cdy czy\u015bcioch Ci to powie, mycie to jest samo zdrowie<\/span><\/h3>\n<h3>\u2022 Kszta\u0142towanie elementarnych nawyk\u00f3w higienicznych i\u00a0kulturalnych<\/h3>\n<h3>\u2022 Rozwijanie prawid\u0142owego oddechu, artykulacji i\u00a0wymowy<\/h3>\n<h3>\u2022 Wspomaganie dzieci w\u00a0werbalnym przekazywaniu my\u015bli i\u00a0uczu\u0107<\/h3>\n<h3>\u2022 Tworzenie warunk\u00f3w do polisensorycznego poznawania \u015bwiata<\/h3>\n<h3 style=\"text-align: center;\"><span style=\"color: #993366;\">Piosenka do utrwalenia:<\/span><\/h3>\n<h3 style=\"text-align: center;\"><span style=\"color: #ff00ff;\">,,Domowa piosenka&#8221;<\/span><\/h3>\n<h4 style=\"text-align: center;\">muzyka: Krzysztof Marzec<\/h4>\n<h4 style=\"text-align: center;\">s\u0142owa: Ewa Chotomska<\/h4>\n<h3 style=\"text-align: center;\">1. Kiedy wracam ze szko\u0142y i otworzy\u0107 chc\u0119 drzwi,<\/h3>\n<h3 style=\"text-align: center;\">ju\u017c od progu dobiega zawsze wierny g\u0142os psi.<\/h3>\n<h3 style=\"text-align: center;\">Na dywanie w pokoju do n\u00f3g \u0142asi si\u0119 kot,<\/h3>\n<h3 style=\"text-align: center;\">a w pude\u0142ku pod sto\u0142em chomik chowa si\u0119 w k\u0105t.<\/h3>\n<h3 style=\"text-align: center;\">Ref.: Ka\u017cdy ma jakiego\u015b bzika, ka\u017cdy jakie\u015b hobby ma,<\/h3>\n<h3 style=\"text-align: center;\">a ja w domu mam chomika, kota, rybki oraz psa. } bis<\/h3>\n<h3 style=\"text-align: center;\">2. Kiedy smutno mi czasem, przyjdzie do mnie pan pies,<\/h3>\n<h3 style=\"text-align: center;\">poda \u0142ap\u0119, zapyta: Nie martw si\u0119, co ci jest?<\/h3>\n<h3 style=\"text-align: center;\">Kot zamruczy pod nosem, chomik tak\u017ce da zna\u0107,<\/h3>\n<h3 style=\"text-align: center;\">i od razu weselej, ju\u017c zaczynam si\u0119 \u015bmia\u0107.<\/h3>\n<h3 style=\"text-align: center;\">Ref.: Ka\u017cdy ma jakiego\u015b bzika, ka\u017cdy jakie\u015b hobby ma&#8230;<\/h3>\n<p>&nbsp;<\/p>\n<h2 style=\"text-align: center;\"><span style=\"color: #ff6600;\">5 LATKI<\/span><\/h2>\n<h3><span style=\"color: #00ff00;\">1.Przyjaciele w przedszkolu<\/span><\/h3>\n<h3>&#8211; wdra\u017canie do uczestnictwa w zabawach integracyjnych, ruchowych i muzycznych<\/h3>\n<h3>-kszta\u0142towanie umiej\u0119tno\u015bci wyra\u017cania w\u0142asnych emocji<\/h3>\n<h3>-budowanie \u015bwiadomo\u015bci przynale\u017cno\u015bci do grupy przedszkolnej<\/h3>\n<h3>&#8211; wdra\u017canie do przestrzegania ustalonych regu\u0142 i zasad obowi\u0105zuj\u0105cych podczas pobytu w przedszkolu<\/h3>\n<h3>&#8211; kszta\u0142towanie umiej\u0119tno\u015bci okre\u015blania kierunk\u00f3w ( prawa, lewa, g\u00f3ra, d\u00f3\u0142 ) oraz po\u0142o\u017cenia ( obok, przed, za, mi\u0119dzy, nad, pod )<\/h3>\n<h3>&#8211; kszta\u0142towanie umiej\u0119tno\u015bci klasyfikowania obiekt\u00f3w, tworzenia kolekcji, sprawnego przeliczania.<\/h3>\n<h3><span style=\"color: #00ff00;\">2. Jeste\u015bmy bezpieczni<\/span><\/h3>\n<h3>&#8211; wdra\u017canie do radzenia sobie w nowych sytuacjach<\/h3>\n<h3>&#8211; kszta\u0142towanie umiej\u0119tno\u015bci komunikowania si\u0119 z dzie\u0107mi i doros\u0142ymi, wyra\u017canie swoich oczekiwa\u0144 spo\u0142ecznych wobec innych os\u00f3b, grupy<\/h3>\n<h3>&#8211; rozwijanie naturalnej kreatywno\u015bci dziecka w r\u00f3\u017cnych formach aktywno\u015bci<\/h3>\n<h3>&#8211; wskazywanie zawod\u00f3w wykonywanych przez rodzic\u00f3w i osoby z najbli\u017cszego otoczenia oraz zawod\u00f3w zwi\u0105zanych z udzielaniem pomocy w r\u00f3\u017cnych sytuacjach ( nauczyciel, lekarz, piel\u0119gniarka, ratownik medyczny, policjant, stra\u017cak)<\/h3>\n<h3>&#8211; budowanie czynnego i biernego s\u0142ownika dziecka<\/h3>\n<h3><span style=\"color: #00ff00;\">3. Razem si\u0119 bawimy<\/span><\/h3>\n<h3>&#8211; wdra\u017canie do bezpiecznego pos\u0142ugiwania si\u0119 no\u017cyczkami \u2013 ci\u0119cie po liniach prostych<\/h3>\n<h3>&#8211; kszta\u0142towanie umiej\u0119tno\u015bci budowania relacji r\u00f3wie\u015bniczych w swobodnej zabawie (zmiana os\u00f3b w parze, zmiana r\u00f3l w grupie)<\/h3>\n<h3>&#8211; wdra\u017canie do uwa\u017cnego s\u0142uchania<\/h3>\n<h3>&#8211; wdra\u017canie do wypowiadania si\u0119 na okre\u015blony temat<\/h3>\n<h3>&#8211; kszta\u0142towanie umiej\u0119tno\u015bci klasyfikowania przedmiot\u00f3w spe\u0142niaj\u0105cych podany warunek ( wielko\u015b\u0107, kolor, kszta\u0142t), tworzenie zbior\u00f3w o takiej samej liczbie element\u00f3w, ustawianie element\u00f3w rosn\u0105co i malej\u0105co ( od najmniejszego do najwi\u0119kszego)<\/h3>\n<h3><span style=\"color: #00ff00;\">4. R\u00f3\u017cni ludzie &#8211; to my<\/span><\/h3>\n<h3>&#8211; budowanie pozytywnych relacji r\u00f3wie\u015bniczych<\/h3>\n<h3>&#8211; rozwijanie kreatywno\u015bci dziecka w r\u00f3\u017cnych formach aktywno\u015bci<\/h3>\n<h3>&#8211; kszta\u0142towanie umiej\u0119tno\u015bci zadawania pyta\u0144 i odpowiadania na niebezpieczne<\/h3>\n<h3>&#8211; doskonalenie analizy s\u0142uchowej na poziomie sylaby<\/h3>\n<h3>&#8211; poznawanie obrazu graficznego g\u0142oski ,,o\u201d \u2013 litery ,,O\u201d, ,,o\u201d<\/h3>\n<h3>&#8211; poznanie obrazu graficznego liczby ,,1\u201d<\/h3>\n<h3 align=\"center\"><span style=\"color: #ff9900;\">Piosenka do utrwalenia:<\/span><\/h3>\n<h3 align=\"center\"><span style=\"color: #00ff00;\">,,Wrze\u015bniu, wrze\u015bniu\u201d<\/span><\/h3>\n<h4 align=\"center\">muzyka i s\u0142owa: Danuta i Karol Jagie\u0142\u0142o<\/h4>\n<h3 align=\"center\">1.Do przedszkola powracaj\u0105 wreszcie dzieci,<br \/>\nwci\u0105\u017c jest lato i s\u0142oneczko nadal \u015bwieci,<br \/>\nlecz ju\u017c wiemy, \u017ce nied\u0142ugo b\u0119dzie jesie\u0144,<br \/>\nbo wakacje si\u0119 sko\u0144czy\u0142y ,jest ju\u017c wrzesie\u0144<\/h3>\n<h3 align=\"center\">ref. Wrze\u015bniu, wrze\u015bniu, przego\u0144 chmury<br \/>\nZapro\u015b s\u0142o\u0144ce,<br \/>\nby \u015bwieci\u0142o coraz ja\u015bniej,<br \/>\ncoraz mocniej<\/h3>\n<h3 align=\"center\">2. Dzi\u015b od rana mg\u0142a i ju\u017c nie wida\u0107 nieba,<br \/>\npada g\u0119sty deszcz, cho\u0107 wcale go nie trzeba,<br \/>\nludzie nios\u0105 roz\u0142o\u017cone parasole,<br \/>\nju\u017c zmoczone wszystkie domy i przedszkole.<\/h3>\n<h3 align=\"center\">ref. Wrze\u015bniu, wrze\u015bniu\u2026..<\/h3>\n<p>&nbsp;<\/p>\n<h2 align=\"center\"><span style=\"color: #333399;\">6 LATKI<\/span><\/h2>\n<h3><span lang=\"pl\" style=\"color: #ff0000;\">I. Przedszkolaki to my!<\/span><\/h3>\n<ul>\n<li>\n<h3><span lang=\"pl\">Wdra\u017canie do wypowiadania si\u0119 na okre\u015blony temat pe\u0142nym zdaniem.<\/span><\/h3>\n<\/li>\n<li>\n<h3><span lang=\"pl\">Dzielenie swojego imienia na sylaby, wys\u0142uchiwanie w nim pierwszej g\u0142oski.<\/span><\/h3>\n<\/li>\n<li>\n<h3><span lang=\"pl\">Rozwijanie poczucia rytmu i umiej\u0119tno\u015bci wokalnych.<\/span><\/h3>\n<\/li>\n<li>\n<h3><span lang=\"pl\">Przypomnienie zasad reguluj\u0105cych w\u0142a\u015bciwe zachowanie podczas pobytu w przedszkolu.<\/span><\/h3>\n<\/li>\n<\/ul>\n<ul>\n<li>\n<h3><span lang=\"pl\">Respektowanie przyj\u0119tych zasad i norm zgodnego wsp\u00f3\u0142\u017cycia w grupie.<\/span><\/h3>\n<\/li>\n<li>\n<h3><span lang=\"pl\">Czytanie globalne wybranych wyraz\u00f3w.<\/span><\/h3>\n<\/li>\n<\/ul>\n<h3><span lang=\"pl\" style=\"color: #ff0000;\">II.\u2006 \u2006 Bezpieczne przedszkolaki zdobywaj\u0105 odznaki:<\/span><\/h3>\n<ul>\n<li>\n<h3><span lang=\"pl\">Aktywny udzia\u0142 w zabawach ruchowych i \u0107wiczeniach gimnastycznych.<\/span><\/h3>\n<\/li>\n<li>\n<h3><span lang=\"pl\">Wdra\u017canie do proszenia o pomoc w sytuacjach trudnych.<\/span><\/h3>\n<\/li>\n<li>\n<h3><span lang=\"pl\">Kszta\u0142towanie umiej\u0119tno\u015bci zachowania ostro\u017cno\u015bci w ruchu drogowym.<\/span><\/h3>\n<\/li>\n<li>\n<h3><span lang=\"pl\">Wdra\u017canie umiej\u0119tno\u015bci odwzorowywania i odtwarzania uk\u0142ad\u00f3w graficznych.<\/span><\/h3>\n<\/li>\n<li>\n<h3><span lang=\"pl\">Wdra\u017canie do radzenia sobie w nowych sytuacjach.<\/span><\/h3>\n<\/li>\n<\/ul>\n<h3><span lang=\"pl\" style=\"color: #ff0000;\">III. Razem ciekawie sp\u0119dzamy czas:<\/span><\/h3>\n<ul>\n<li>\n<h3><span lang=\"pl\">Wdra\u017canie do sygnalizowania potrzeby odpoczynku i potrzeby ruchu.<\/span><\/h3>\n<\/li>\n<li>\n<h3><span lang=\"pl\">Wdra\u017canie do wyra\u017cania emocji i uczu\u0107 w spo\u0142ecznie akceptowany spos\u00f3b.<\/span><\/h3>\n<\/li>\n<li>\n<h3><span lang=\"pl\">Kszta\u0142towanie nawyk\u00f3w i zachowa\u0144 prowadz\u0105cych do samodzielno\u015bci.<\/span><\/h3>\n<\/li>\n<li>\n<h3><span lang=\"pl\">Wyr\u00f3\u017cnianie w\u015br\u00f3d czworok\u0105t\u00f3w kwadrat\u00f3w.<\/span><\/h3>\n<\/li>\n<li>\n<h3><span lang=\"pl\">Doskonalenie s\u0142uchu fonematycznego- analizy i syntezy wyraz\u00f3w 3- g\u0142oskowych.<\/span><\/h3>\n<\/li>\n<\/ul>\n<h3><span lang=\"pl\" style=\"color: #ff0000;\">IV. Taniec jesiennych kolor\u00f3w:<\/span><\/h3>\n<ul>\n<li>\n<h3><span lang=\"pl\">Kszta\u0142towanie zwinno\u015bci, zr\u0119czno\u015bci, szybko\u015bci i wytrzyma\u0142o\u015bci.<\/span><\/h3>\n<\/li>\n<li>\n<h3><span lang=\"pl\">Rozwijanie samodzielno\u015bci w przygotowaniu przybor\u00f3w i materia\u0142\u00f3w do zaj\u0119\u0107.<\/span><\/h3>\n<\/li>\n<li>\n<h3><span lang=\"pl\">Wdra\u017canie do odpowiedzialnego wype\u0142niania obowi\u0105zk\u00f3w dy\u017curnego.<\/span><\/h3>\n<\/li>\n<li>\n<h3><span lang=\"pl\">Doskonalenie umiej\u0119tno\u015bci obserwowania przyrody jesieni\u0105 i dzielenia si\u0119 swoimi spostrze\u017ceniami i prze\u017cyciami.<\/span><\/h3>\n<\/li>\n<li>\n<h3><span lang=\"pl\">Poznanie obrazu graficznego g\u0142oski \u201c a\u201d litery \u201c A\u201d , \u201ca\u201d.<\/span><\/h3>\n<\/li>\n<li>\n<h3><span lang=\"pl\">Poznanie obrazu graficznego liczby \u201c 2\u201d.<\/span><\/h3>\n<\/li>\n<\/ul>\n<h3 align=\"center\"><span lang=\"pl\" style=\"color: #333399;\">Piosenka do utrwalenia<\/span><\/h3>\n<h3 align=\"center\"><span lang=\"pl\" style=\"color: #ff0000;\">&#8221; Przedszkolaki to my!\u201d<\/span><\/h3>\n<h4 align=\"center\"><span lang=\"pl\">( s\u0142. i muz. Renata Szczypior)<\/span><\/h4>\n<h3 align=\"center\"><span lang=\"pl\">Kiedy wchodzimy do przedszkola<\/span><\/h3>\n<h3 style=\"text-align: center;\"><span lang=\"pl\">pani z u\u015bmiechem wita nas:<\/span><\/h3>\n<h3 style=\"text-align: center;\"><span lang=\"pl\">Dzie\u0144 dobry, dzieci! Dzie\u0144 dobry, pani!<\/span><\/h3>\n<h3 style=\"text-align: center;\"><span lang=\"pl\">Razem sp\u0119dzimy mi\u0142o czas!<\/span><\/h3>\n<h3 style=\"text-align: center;\"><span lang=\"pl\">Ref: Bo w przedszkolu z kolegami jest wspaniale,<\/span><\/h3>\n<h3 style=\"text-align: center;\"><span lang=\"pl\">tu uczymy si\u0119 i poznajemy \u015bwiat,<\/span><\/h3>\n<h3 style=\"text-align: center;\"><span lang=\"pl\">tu szukamy drogi do krainy marze\u0144<\/span><\/h3>\n<h3 style=\"text-align: center;\"><span lang=\"pl\">i z ksi\u0105\u017ckami jeste\u015bmy za pan brat!<\/span><\/h3>\n<h3 style=\"text-align: center;\"><span lang=\"pl\">Tu zabawek bardzo du\u017co fajnych mamy,<\/span><\/h3>\n<h3 style=\"text-align: center;\"><span lang=\"pl\">i bawimy si\u0119 weso\u0142o: ja i ty,<\/span><\/h3>\n<h3 style=\"text-align: center;\"><span lang=\"pl\">wi\u0119c z rado\u015bci\u0105 wszyscy razem za\u015bpiewajmy:<\/span><\/h3>\n<h3 style=\"text-align: center;\"><span lang=\"pl\">Przedszkolaki to my!<\/span><\/h3>\n<h3 style=\"text-align: center;\"><span lang=\"pl\">Czeka nas tutaj przyg\u00f3d wiele,<\/span><\/h3>\n<h3 style=\"text-align: center;\"><span lang=\"pl\">mi\u0142o sp\u0119dzimy ca\u0142y dzie\u0144.<\/span><\/h3>\n<h3 style=\"text-align: center;\"><span lang=\"pl\">W\u2006 \u2006 przedszkolu nigdy nie bywa nudno,<\/span><\/h3>\n<h3 style=\"text-align: center;\"><span lang=\"pl\">w domu niech siedzi sobie le\u0144!<\/span><\/h3>\n<h3 style=\"text-align: center;\"><span lang=\"pl\">Ref: Bo w przedszkolu z kolegami jest wspaniale&#8230;&#8230;&#8230;..<\/span><\/h3>\n<h3 style=\"text-align: center;\"><span lang=\"pl\">Wszyscy jeste\u015bmy przyjaci\u00f3\u0142mi,<\/span><\/h3>\n<h3 style=\"text-align: center;\"><span lang=\"pl\">lubimy razem w pi\u0142k\u0119 gra\u0107.<\/span><\/h3>\n<h3 style=\"text-align: center;\"><span lang=\"pl\">Ch\u0119tnie dzielimy si\u0119 zabawkami,<\/span><\/h3>\n<h3 style=\"text-align: center;\"><span lang=\"pl\">i potrafimy o nie dba\u0107.<\/span><\/h3>\n<h3 style=\"text-align: center;\"><span lang=\"pl\">Ref: Bo w przedszkolu z kolegami jest wspaniale&#8230;&#8230;&#8230;&#8230;&#8230;..<\/span><\/h3>\n<h3><\/h3>\n<h3><\/h3>\n<h3><\/h3>\n<h3><\/h3>\n<h3><\/h3>\n<h3><\/h3>\n<h3><\/h3>\n<h3><\/h3>\n<h3><\/h3>\n<h3><\/h3>\n<h3><\/h3>\n<h3><\/h3>\n<h3><\/h3>\n<h3><\/h3>\n<h3><\/h3>\n<h3><\/h3>\n<h3><\/h3>\n<h3><\/h3>\n<h3><\/h3>\n<h3><\/h3>\n","protected":false},"excerpt":{"rendered":"<p>3 LATKI ,,Spacerkiem po przedszkolu\u201d budowanie \u015bwiadomo\u015bci przynale\u017cno\u015bci do grupy przedszkolnej, zach\u0119canie do dzia\u0142alno\u015bci plastycznej: rysowanie na dowolny temat, lepienie z plasteliny, ustalanie zasad obowi\u0105zuj\u0105cych w grupie, kszta\u0142towanie nawyk\u00f3w prawid\u0142owego spo\u017cywanie posi\u0142k\u00f3w, wdra\u017canie do uczestnictwa w zabawach ruchowych i tematycznych, pr\u00f3by klasyfikowania zabawek wed\u0142ug rodzaju, ,,W przedszkolu jest mi\u0142o i bezpiecznie\u201d formu\u0142owanie odpowiedzi na pytania&hellip; <br \/> <a class=\"read-more\" href=\"http:\/\/przedszkole.kosowlacki.pl\/wordpress\/zamierzenia-na-wrzesien\/\">Read more<\/a><\/p>\n","protected":false},"author":2,"featured_media":0,"comment_status":"open","ping_status":"open","sticky":false,"template":"","format":"standard","meta":[],"categories":[12],"tags":[],"_links":{"self":[{"href":"http:\/\/przedszkole.kosowlacki.pl\/wordpress\/wp-json\/wp\/v2\/posts\/5465"}],"collection":[{"href":"http:\/\/przedszkole.kosowlacki.pl\/wordpress\/wp-json\/wp\/v2\/posts"}],"about":[{"href":"http:\/\/przedszkole.kosowlacki.pl\/wordpress\/wp-json\/wp\/v2\/types\/post"}],"author":[{"embeddable":true,"href":"http:\/\/przedszkole.kosowlacki.pl\/wordpress\/wp-json\/wp\/v2\/users\/2"}],"replies":[{"embeddable":true,"href":"http:\/\/przedszkole.kosowlacki.pl\/wordpress\/wp-json\/wp\/v2\/comments?post=5465"}],"version-history":[{"count":6,"href":"http:\/\/przedszkole.kosowlacki.pl\/wordpress\/wp-json\/wp\/v2\/posts\/5465\/revisions"}],"predecessor-version":[{"id":5471,"href":"http:\/\/przedszkole.kosowlacki.pl\/wordpress\/wp-json\/wp\/v2\/posts\/5465\/revisions\/5471"}],"wp:attachment":[{"href":"http:\/\/przedszkole.kosowlacki.pl\/wordpress\/wp-json\/wp\/v2\/media?parent=5465"}],"wp:term":[{"taxonomy":"category","embeddable":true,"href":"http:\/\/przedszkole.kosowlacki.pl\/wordpress\/wp-json\/wp\/v2\/categories?post=5465"},{"taxonomy":"post_tag","embeddable":true,"href":"http:\/\/przedszkole.kosowlacki.pl\/wordpress\/wp-json\/wp\/v2\/tags?post=5465"}],"curies":[{"name":"wp","href":"https:\/\/api.w.org\/{rel}","templated":true}]}}