{"id":5456,"date":"2021-09-06T12:59:19","date_gmt":"2021-09-06T10:59:19","guid":{"rendered":"http:\/\/przedszkole.kosowlacki.pl\/wordpress\/?p=5456"},"modified":"2021-09-06T13:00:35","modified_gmt":"2021-09-06T11:00:35","slug":"ogloszenie-7","status":"publish","type":"post","link":"http:\/\/przedszkole.kosowlacki.pl\/wordpress\/ogloszenie-7\/","title":{"rendered":"OG\u0141OSZENIE"},"content":{"rendered":"<h2 style=\"text-align: left;\">Prosimy rodzic\u00f3w o wp\u0142acanie op\u0142at za ksi\u0105\u017cki do sekretariatu do <span style=\"color: #ff0000;\">14.09.2021r<\/span>.<\/h2>\n<h2 style=\"text-align: left;\">3 latki 93,00 z\u0142<\/h2>\n<h2 style=\"text-align: left;\">4 latki 107,00 z\u0142<\/h2>\n<h2 style=\"text-align: left;\">5 latki 140,00 z\u0142<\/h2>\n<h2 style=\"text-align: left;\">6 latki 150,00 z\u0142<\/h2>\n","protected":false},"excerpt":{"rendered":"<p>Prosimy rodzic\u00f3w o wp\u0142acanie op\u0142at za ksi\u0105\u017cki do sekretariatu do 14.09.2021r. 3 latki 93,00 z\u0142 4 latki 107,00 z\u0142 5 latki 140,00 z\u0142 6 latki 150,00 z\u0142<\/p>\n","protected":false},"author":2,"featured_media":0,"comment_status":"open","ping_status":"open","sticky":false,"template":"","format":"standard","meta":[],"categories":[11],"tags":[],"_links":{"self":[{"href":"http:\/\/przedszkole.kosowlacki.pl\/wordpress\/wp-json\/wp\/v2\/posts\/5456"}],"collection":[{"href":"http:\/\/przedszkole.kosowlacki.pl\/wordpress\/wp-json\/wp\/v2\/posts"}],"about":[{"href":"http:\/\/przedszkole.kosowlacki.pl\/wordpress\/wp-json\/wp\/v2\/types\/post"}],"author":[{"embeddable":true,"href":"http:\/\/przedszkole.kosowlacki.pl\/wordpress\/wp-json\/wp\/v2\/users\/2"}],"replies":[{"embeddable":true,"href":"http:\/\/przedszkole.kosowlacki.pl\/wordpress\/wp-json\/wp\/v2\/comments?post=5456"}],"version-history":[{"count":2,"href":"http:\/\/przedszkole.kosowlacki.pl\/wordpress\/wp-json\/wp\/v2\/posts\/5456\/revisions"}],"predecessor-version":[{"id":5458,"href":"http:\/\/przedszkole.kosowlacki.pl\/wordpress\/wp-json\/wp\/v2\/posts\/5456\/revisions\/5458"}],"wp:attachment":[{"href":"http:\/\/przedszkole.kosowlacki.pl\/wordpress\/wp-json\/wp\/v2\/media?parent=5456"}],"wp:term":[{"taxonomy":"category","embeddable":true,"href":"http:\/\/przedszkole.kosowlacki.pl\/wordpress\/wp-json\/wp\/v2\/categories?post=5456"},{"taxonomy":"post_tag","embeddable":true,"href":"http:\/\/przedszkole.kosowlacki.pl\/wordpress\/wp-json\/wp\/v2\/tags?post=5456"}],"curies":[{"name":"wp","href":"https:\/\/api.w.org\/{rel}","templated":true}]}}