{"id":5429,"date":"2021-06-15T12:22:21","date_gmt":"2021-06-15T10:22:21","guid":{"rendered":"http:\/\/przedszkole.kosowlacki.pl\/wordpress\/?p=5429"},"modified":"2021-06-15T12:24:05","modified_gmt":"2021-06-15T10:24:05","slug":"ogloszenie-dla-rodzicow-dzieci-6-letnich","status":"publish","type":"post","link":"http:\/\/przedszkole.kosowlacki.pl\/wordpress\/ogloszenie-dla-rodzicow-dzieci-6-letnich\/","title":{"rendered":"OG\u0141OSZENIE DLA RODZIC\u00d3W DZIECI 6 LETNICH"},"content":{"rendered":"<h3 align=\"center\"><span style=\"font-family: Times New Roman, serif;\"><span style=\"font-size: xx-large;\"><b>OG\u0141OSZENIE DLA RODZIC\u00d3W DZIECI 6 LETNICH !<\/b><\/span><\/span><\/h3>\n<p align=\"center\"><a name=\"_GoBack\"><\/a><\/p>\n<h3 align=\"center\"><span style=\"font-family: Times New Roman, serif;\"><span style=\"font-size: xx-large;\">Po\u017cegnanie dzieci 6 letnich ko\u0144cz\u0105cych edukacj\u0119 przedszkoln\u0105 odb\u0119dzie si\u0119 <\/span><\/span><b> <\/b><\/h3>\n<h3 align=\"center\"><span style=\"font-family: 'Times New Roman', serif; color: #ff0000;\"><span style=\"font-size: xx-large;\"><b>24 czerwca 2021r. o godzinie 13.00.<\/b><\/span><\/span><\/h3>\n<h3 align=\"center\"><span style=\"font-family: 'Times New Roman', serif; color: #ff0000;\"><span style=\"font-size: xx-large;\">na sali gimnastycznej (wej\u015bcie od boiska) <\/span><\/span><\/h3>\n<h3 align=\"center\"><\/h3>\n<h3 align=\"justify\"><span style=\"font-family: Times New Roman, serif;\"><span style=\"font-size: xx-large;\">Z uwagi na obecn\u0105 sytuacj\u0119 epidemiologiczn\u0105 i zachowanie zasad bezpiecze\u0144stwa prosimy rodzic\u00f3w o dostosowanie si\u0119 do nast\u0119puj\u0105cych wytycznych:<\/span><\/span><\/h3>\n<ul>\n<li>\n<h3 align=\"justify\"><span style=\"font-family: Times New Roman, serif;\"><span style=\"font-size: xx-large;\">ograniczenie limitu os\u00f3b: od jednego dziecka jedna osoba z rodziny<\/span><\/span><\/h3>\n<\/li>\n<li>\n<h3 align=\"justify\"><span style=\"font-family: Times New Roman, serif;\"><span style=\"font-size: xx-large;\">zachowanie dystansu spo\u0142ecznego 1,5 m<\/span><\/span><\/h3>\n<\/li>\n<li>\n<h3 align=\"justify\"><span style=\"font-family: Times New Roman, serif;\"><span style=\"font-size: xx-large;\">obowi\u0105zkowa maseczka zakrywaj\u0105ca usta i nos<\/span><\/span><\/h3>\n<\/li>\n<\/ul>\n","protected":false},"excerpt":{"rendered":"<p>OG\u0141OSZENIE DLA RODZIC\u00d3W DZIECI 6 LETNICH ! Po\u017cegnanie dzieci 6 letnich ko\u0144cz\u0105cych edukacj\u0119 przedszkoln\u0105 odb\u0119dzie si\u0119 24 czerwca 2021r. o godzinie 13.00. na sali gimnastycznej (wej\u015bcie od boiska) Z uwagi na obecn\u0105 sytuacj\u0119 epidemiologiczn\u0105 i zachowanie zasad bezpiecze\u0144stwa prosimy rodzic\u00f3w o dostosowanie si\u0119 do nast\u0119puj\u0105cych wytycznych: ograniczenie limitu os\u00f3b: od jednego dziecka jedna osoba z&hellip; <br \/> <a class=\"read-more\" href=\"http:\/\/przedszkole.kosowlacki.pl\/wordpress\/ogloszenie-dla-rodzicow-dzieci-6-letnich\/\">Read more<\/a><\/p>\n","protected":false},"author":2,"featured_media":0,"comment_status":"open","ping_status":"open","sticky":false,"template":"","format":"standard","meta":[],"categories":[11],"tags":[],"_links":{"self":[{"href":"http:\/\/przedszkole.kosowlacki.pl\/wordpress\/wp-json\/wp\/v2\/posts\/5429"}],"collection":[{"href":"http:\/\/przedszkole.kosowlacki.pl\/wordpress\/wp-json\/wp\/v2\/posts"}],"about":[{"href":"http:\/\/przedszkole.kosowlacki.pl\/wordpress\/wp-json\/wp\/v2\/types\/post"}],"author":[{"embeddable":true,"href":"http:\/\/przedszkole.kosowlacki.pl\/wordpress\/wp-json\/wp\/v2\/users\/2"}],"replies":[{"embeddable":true,"href":"http:\/\/przedszkole.kosowlacki.pl\/wordpress\/wp-json\/wp\/v2\/comments?post=5429"}],"version-history":[{"count":2,"href":"http:\/\/przedszkole.kosowlacki.pl\/wordpress\/wp-json\/wp\/v2\/posts\/5429\/revisions"}],"predecessor-version":[{"id":5431,"href":"http:\/\/przedszkole.kosowlacki.pl\/wordpress\/wp-json\/wp\/v2\/posts\/5429\/revisions\/5431"}],"wp:attachment":[{"href":"http:\/\/przedszkole.kosowlacki.pl\/wordpress\/wp-json\/wp\/v2\/media?parent=5429"}],"wp:term":[{"taxonomy":"category","embeddable":true,"href":"http:\/\/przedszkole.kosowlacki.pl\/wordpress\/wp-json\/wp\/v2\/categories?post=5429"},{"taxonomy":"post_tag","embeddable":true,"href":"http:\/\/przedszkole.kosowlacki.pl\/wordpress\/wp-json\/wp\/v2\/tags?post=5429"}],"curies":[{"name":"wp","href":"https:\/\/api.w.org\/{rel}","templated":true}]}}