{"id":5427,"date":"2021-06-11T08:38:21","date_gmt":"2021-06-11T06:38:21","guid":{"rendered":"http:\/\/przedszkole.kosowlacki.pl\/wordpress\/?p=5427"},"modified":"2021-06-11T08:38:21","modified_gmt":"2021-06-11T06:38:21","slug":"ogloszenie-6","status":"publish","type":"post","link":"http:\/\/przedszkole.kosowlacki.pl\/wordpress\/ogloszenie-6\/","title":{"rendered":"OG\u0141OSZENIE"},"content":{"rendered":"<h3 align=\"center\"><strong><span style=\"font-family: Times New Roman, serif;\">DY\u017bUR WAKACYJNY<\/span><\/strong><\/h3>\n<h3><span style=\"font-family: Times New Roman, serif;\">Dyrektor Gminnego Przedszkola w Kosowie Lackim informuje, \u017ce planowane s\u0105 zaj\u0119cia opieku\u0144cze w przedszkolu w miesi\u0105cu sierpniu 2021 roku dla dzieci ucz\u0119szczaj\u0105cych do przedszkola w roku szkolnym 2020\/2021.<\/span><\/h3>\n<h3><span style=\"font-family: Times New Roman, serif;\">Prosimy rodzic\u00f3w o kontakt z sekretariatem przedszkola najp\u00f3\u017aniej do dnia 25 czerwca 2021r. z informacj\u0105 dotycz\u0105c\u0105 ewentualnego ucz\u0119szczania dziecka do przedszkola w sierpniu. <\/span><\/h3>\n<h3><span style=\"font-family: Times New Roman, serif;\">Sekretariat tel. 25 7879041<\/span><\/h3>\n","protected":false},"excerpt":{"rendered":"<p>DY\u017bUR WAKACYJNY Dyrektor Gminnego Przedszkola w Kosowie Lackim informuje, \u017ce planowane s\u0105 zaj\u0119cia opieku\u0144cze w przedszkolu w miesi\u0105cu sierpniu 2021 roku dla dzieci ucz\u0119szczaj\u0105cych do przedszkola w roku szkolnym 2020\/2021. Prosimy rodzic\u00f3w o kontakt z sekretariatem przedszkola najp\u00f3\u017aniej do dnia 25 czerwca 2021r. z informacj\u0105 dotycz\u0105c\u0105 ewentualnego ucz\u0119szczania dziecka do przedszkola w sierpniu. Sekretariat tel.&hellip; <br \/> <a class=\"read-more\" href=\"http:\/\/przedszkole.kosowlacki.pl\/wordpress\/ogloszenie-6\/\">Read more<\/a><\/p>\n","protected":false},"author":2,"featured_media":0,"comment_status":"open","ping_status":"open","sticky":false,"template":"","format":"standard","meta":[],"categories":[11],"tags":[],"_links":{"self":[{"href":"http:\/\/przedszkole.kosowlacki.pl\/wordpress\/wp-json\/wp\/v2\/posts\/5427"}],"collection":[{"href":"http:\/\/przedszkole.kosowlacki.pl\/wordpress\/wp-json\/wp\/v2\/posts"}],"about":[{"href":"http:\/\/przedszkole.kosowlacki.pl\/wordpress\/wp-json\/wp\/v2\/types\/post"}],"author":[{"embeddable":true,"href":"http:\/\/przedszkole.kosowlacki.pl\/wordpress\/wp-json\/wp\/v2\/users\/2"}],"replies":[{"embeddable":true,"href":"http:\/\/przedszkole.kosowlacki.pl\/wordpress\/wp-json\/wp\/v2\/comments?post=5427"}],"version-history":[{"count":1,"href":"http:\/\/przedszkole.kosowlacki.pl\/wordpress\/wp-json\/wp\/v2\/posts\/5427\/revisions"}],"predecessor-version":[{"id":5428,"href":"http:\/\/przedszkole.kosowlacki.pl\/wordpress\/wp-json\/wp\/v2\/posts\/5427\/revisions\/5428"}],"wp:attachment":[{"href":"http:\/\/przedszkole.kosowlacki.pl\/wordpress\/wp-json\/wp\/v2\/media?parent=5427"}],"wp:term":[{"taxonomy":"category","embeddable":true,"href":"http:\/\/przedszkole.kosowlacki.pl\/wordpress\/wp-json\/wp\/v2\/categories?post=5427"},{"taxonomy":"post_tag","embeddable":true,"href":"http:\/\/przedszkole.kosowlacki.pl\/wordpress\/wp-json\/wp\/v2\/tags?post=5427"}],"curies":[{"name":"wp","href":"https:\/\/api.w.org\/{rel}","templated":true}]}}