{"id":5151,"date":"2021-04-26T10:51:35","date_gmt":"2021-04-26T08:51:35","guid":{"rendered":"http:\/\/przedszkole.kosowlacki.pl\/wordpress\/?p=5151"},"modified":"2021-04-26T10:51:35","modified_gmt":"2021-04-26T08:51:35","slug":"ogloszenie-4","status":"publish","type":"post","link":"http:\/\/przedszkole.kosowlacki.pl\/wordpress\/ogloszenie-4\/","title":{"rendered":"OG\u0141OSZENIE"},"content":{"rendered":"<h2>Prosimy rodzic\u00f3w o uregulowanie op\u0142at za wy\u017cywienie za miesi\u0105c kwiecie\u0144 i godziny za miesi\u0105c marzec.<\/h2>\n","protected":false},"excerpt":{"rendered":"<p>Prosimy rodzic\u00f3w o uregulowanie op\u0142at za wy\u017cywienie za miesi\u0105c kwiecie\u0144 i godziny za miesi\u0105c marzec.<\/p>\n","protected":false},"author":2,"featured_media":0,"comment_status":"open","ping_status":"open","sticky":false,"template":"","format":"standard","meta":[],"categories":[11],"tags":[],"_links":{"self":[{"href":"http:\/\/przedszkole.kosowlacki.pl\/wordpress\/wp-json\/wp\/v2\/posts\/5151"}],"collection":[{"href":"http:\/\/przedszkole.kosowlacki.pl\/wordpress\/wp-json\/wp\/v2\/posts"}],"about":[{"href":"http:\/\/przedszkole.kosowlacki.pl\/wordpress\/wp-json\/wp\/v2\/types\/post"}],"author":[{"embeddable":true,"href":"http:\/\/przedszkole.kosowlacki.pl\/wordpress\/wp-json\/wp\/v2\/users\/2"}],"replies":[{"embeddable":true,"href":"http:\/\/przedszkole.kosowlacki.pl\/wordpress\/wp-json\/wp\/v2\/comments?post=5151"}],"version-history":[{"count":1,"href":"http:\/\/przedszkole.kosowlacki.pl\/wordpress\/wp-json\/wp\/v2\/posts\/5151\/revisions"}],"predecessor-version":[{"id":5152,"href":"http:\/\/przedszkole.kosowlacki.pl\/wordpress\/wp-json\/wp\/v2\/posts\/5151\/revisions\/5152"}],"wp:attachment":[{"href":"http:\/\/przedszkole.kosowlacki.pl\/wordpress\/wp-json\/wp\/v2\/media?parent=5151"}],"wp:term":[{"taxonomy":"category","embeddable":true,"href":"http:\/\/przedszkole.kosowlacki.pl\/wordpress\/wp-json\/wp\/v2\/categories?post=5151"},{"taxonomy":"post_tag","embeddable":true,"href":"http:\/\/przedszkole.kosowlacki.pl\/wordpress\/wp-json\/wp\/v2\/tags?post=5151"}],"curies":[{"name":"wp","href":"https:\/\/api.w.org\/{rel}","templated":true}]}}