{"id":5052,"date":"2021-04-12T13:41:59","date_gmt":"2021-04-12T11:41:59","guid":{"rendered":"http:\/\/przedszkole.kosowlacki.pl\/wordpress\/?p=5052"},"modified":"2021-04-12T13:41:59","modified_gmt":"2021-04-12T11:41:59","slug":"informacja","status":"publish","type":"post","link":"http:\/\/przedszkole.kosowlacki.pl\/wordpress\/informacja\/","title":{"rendered":"Informacja"},"content":{"rendered":"<h3 style=\"text-align: center;\">Informujemy, i\u017c wszystkie dzieci, kt\u00f3rych rodzice\/prawni opiekunowie z\u0142o\u017cyli wnioski, zosta\u0142y przyj\u0119te do Gminnego Przedszkola w Kosowie Lackim na rok 2021\/2022.<\/h3>\n","protected":false},"excerpt":{"rendered":"<p>Informujemy, i\u017c wszystkie dzieci, kt\u00f3rych rodzice\/prawni opiekunowie z\u0142o\u017cyli wnioski, zosta\u0142y przyj\u0119te do Gminnego Przedszkola w Kosowie Lackim na rok 2021\/2022.<\/p>\n","protected":false},"author":8,"featured_media":0,"comment_status":"open","ping_status":"open","sticky":false,"template":"","format":"standard","meta":[],"categories":[11],"tags":[],"_links":{"self":[{"href":"http:\/\/przedszkole.kosowlacki.pl\/wordpress\/wp-json\/wp\/v2\/posts\/5052"}],"collection":[{"href":"http:\/\/przedszkole.kosowlacki.pl\/wordpress\/wp-json\/wp\/v2\/posts"}],"about":[{"href":"http:\/\/przedszkole.kosowlacki.pl\/wordpress\/wp-json\/wp\/v2\/types\/post"}],"author":[{"embeddable":true,"href":"http:\/\/przedszkole.kosowlacki.pl\/wordpress\/wp-json\/wp\/v2\/users\/8"}],"replies":[{"embeddable":true,"href":"http:\/\/przedszkole.kosowlacki.pl\/wordpress\/wp-json\/wp\/v2\/comments?post=5052"}],"version-history":[{"count":2,"href":"http:\/\/przedszkole.kosowlacki.pl\/wordpress\/wp-json\/wp\/v2\/posts\/5052\/revisions"}],"predecessor-version":[{"id":5054,"href":"http:\/\/przedszkole.kosowlacki.pl\/wordpress\/wp-json\/wp\/v2\/posts\/5052\/revisions\/5054"}],"wp:attachment":[{"href":"http:\/\/przedszkole.kosowlacki.pl\/wordpress\/wp-json\/wp\/v2\/media?parent=5052"}],"wp:term":[{"taxonomy":"category","embeddable":true,"href":"http:\/\/przedszkole.kosowlacki.pl\/wordpress\/wp-json\/wp\/v2\/categories?post=5052"},{"taxonomy":"post_tag","embeddable":true,"href":"http:\/\/przedszkole.kosowlacki.pl\/wordpress\/wp-json\/wp\/v2\/tags?post=5052"}],"curies":[{"name":"wp","href":"https:\/\/api.w.org\/{rel}","templated":true}]}}