{"id":5041,"date":"2021-04-01T11:22:34","date_gmt":"2021-04-01T09:22:34","guid":{"rendered":"http:\/\/przedszkole.kosowlacki.pl\/wordpress\/?p=5041"},"modified":"2021-04-01T11:38:12","modified_gmt":"2021-04-01T09:38:12","slug":"zyczenia-wielkanocne","status":"publish","type":"post","link":"http:\/\/przedszkole.kosowlacki.pl\/wordpress\/zyczenia-wielkanocne\/","title":{"rendered":"\u017byczenia wielkanocne"},"content":{"rendered":"<h3><\/h3>\n<h4 style=\"text-align: center;\">Wielkanoc to czas otuchy i nadziei.<\/h4>\n<h4 style=\"text-align: center;\">Czas odradzania si\u0119 wiary w si\u0142\u0119 Chrystusa i drugiego cz\u0142owieka.<\/h4>\n<h4 style=\"text-align: center;\">\u017byczymy, aby \u015awi\u0119ta Wielkanocne<\/h4>\n<h4 style=\"text-align: center;\">Przynios\u0142y rado\u015b\u0107 oraz wzajemn\u0105 \u017cyczliwo\u015b\u0107.<\/h4>\n<h4 style=\"text-align: center;\">By sta\u0142y si\u0119 \u017ar\u00f3d\u0142em wzmacniania ducha.<\/h4>\n<h4 style=\"text-align: center;\">Niech Zmartwychwstanie, kt\u00f3re niesie odrodzenie,<\/h4>\n<h4 style=\"text-align: center;\">Nape\u0142ni Was pokojem i wiar\u0105, niech da si\u0142\u0119 w pokonywaniu trudno\u015bci<\/h4>\n<h4 style=\"text-align: center;\">i pozwoli z ufno\u015bci\u0105 patrze\u0107 w przysz\u0142o\u015b\u0107.<\/h4>\n<h4 style=\"text-align: center;\">\u017cycz\u0105<\/h4>\n<h3 style=\"text-align: center;\"><span style=\"color: #0000ff;\">Dyrekcja i Pracownicy przedszkola<\/span><\/h3>\n<p>&nbsp;<\/p>\n<h3 style=\"text-align: center;\"><span style=\"color: #000000;\"><img loading=\"lazy\" class=\"alignnone size-full wp-image-5042\" src=\"http:\/\/przedszkole.kosowlacki.pl\/wordpress\/wp-content\/uploads\/2021\/04\/obrazek-w-1.jpg\" alt=\"\" width=\"894\" height=\"600\" srcset=\"http:\/\/przedszkole.kosowlacki.pl\/wordpress\/wp-content\/uploads\/2021\/04\/obrazek-w-1.jpg 894w, http:\/\/przedszkole.kosowlacki.pl\/wordpress\/wp-content\/uploads\/2021\/04\/obrazek-w-1-300x201.jpg 300w, http:\/\/przedszkole.kosowlacki.pl\/wordpress\/wp-content\/uploads\/2021\/04\/obrazek-w-1-768x515.jpg 768w\" sizes=\"(max-width: 894px) 100vw, 894px\" \/><\/span><\/h3>\n<h2><\/h2>\n","protected":false},"excerpt":{"rendered":"<p>Wielkanoc to czas otuchy i nadziei. Czas odradzania si\u0119 wiary w si\u0142\u0119 Chrystusa i drugiego cz\u0142owieka. \u017byczymy, aby \u015awi\u0119ta Wielkanocne Przynios\u0142y rado\u015b\u0107 oraz wzajemn\u0105 \u017cyczliwo\u015b\u0107. By sta\u0142y si\u0119 \u017ar\u00f3d\u0142em wzmacniania ducha. Niech Zmartwychwstanie, kt\u00f3re niesie odrodzenie, Nape\u0142ni Was pokojem i wiar\u0105, niech da si\u0142\u0119 w pokonywaniu trudno\u015bci i pozwoli z ufno\u015bci\u0105 patrze\u0107 w przysz\u0142o\u015b\u0107. \u017cycz\u0105&hellip; <br \/> <a class=\"read-more\" href=\"http:\/\/przedszkole.kosowlacki.pl\/wordpress\/zyczenia-wielkanocne\/\">Read more<\/a><\/p>\n","protected":false},"author":2,"featured_media":0,"comment_status":"open","ping_status":"open","sticky":false,"template":"","format":"standard","meta":[],"categories":[11],"tags":[],"_links":{"self":[{"href":"http:\/\/przedszkole.kosowlacki.pl\/wordpress\/wp-json\/wp\/v2\/posts\/5041"}],"collection":[{"href":"http:\/\/przedszkole.kosowlacki.pl\/wordpress\/wp-json\/wp\/v2\/posts"}],"about":[{"href":"http:\/\/przedszkole.kosowlacki.pl\/wordpress\/wp-json\/wp\/v2\/types\/post"}],"author":[{"embeddable":true,"href":"http:\/\/przedszkole.kosowlacki.pl\/wordpress\/wp-json\/wp\/v2\/users\/2"}],"replies":[{"embeddable":true,"href":"http:\/\/przedszkole.kosowlacki.pl\/wordpress\/wp-json\/wp\/v2\/comments?post=5041"}],"version-history":[{"count":6,"href":"http:\/\/przedszkole.kosowlacki.pl\/wordpress\/wp-json\/wp\/v2\/posts\/5041\/revisions"}],"predecessor-version":[{"id":5048,"href":"http:\/\/przedszkole.kosowlacki.pl\/wordpress\/wp-json\/wp\/v2\/posts\/5041\/revisions\/5048"}],"wp:attachment":[{"href":"http:\/\/przedszkole.kosowlacki.pl\/wordpress\/wp-json\/wp\/v2\/media?parent=5041"}],"wp:term":[{"taxonomy":"category","embeddable":true,"href":"http:\/\/przedszkole.kosowlacki.pl\/wordpress\/wp-json\/wp\/v2\/categories?post=5041"},{"taxonomy":"post_tag","embeddable":true,"href":"http:\/\/przedszkole.kosowlacki.pl\/wordpress\/wp-json\/wp\/v2\/tags?post=5041"}],"curies":[{"name":"wp","href":"https:\/\/api.w.org\/{rel}","templated":true}]}}