{"id":5031,"date":"2021-03-26T13:53:14","date_gmt":"2021-03-26T12:53:14","guid":{"rendered":"http:\/\/przedszkole.kosowlacki.pl\/wordpress\/?p=5031"},"modified":"2021-03-26T13:54:01","modified_gmt":"2021-03-26T12:54:01","slug":"ogloszenie-3","status":"publish","type":"post","link":"http:\/\/przedszkole.kosowlacki.pl\/wordpress\/ogloszenie-3\/","title":{"rendered":"OG\u0141OSZENIE"},"content":{"rendered":"<p align=\"center\"><a name=\"_GoBack\"><\/a> <span style=\"font-family: Times New Roman, serif;\"><span style=\"font-size: xx-large;\"><b>OG\u0141OSZENIE ! <\/b><\/span><\/span><\/p>\n<p align=\"justify\"><span style=\"font-family: Times New Roman, serif;\"><span style=\"font-size: xx-large;\">Drodzy rodzice, od <span style=\"color: #ff0000;\">29 marca 2021r.<\/span> do <span style=\"color: #ff0000;\">9 kwietnia 2021 roku<\/span> funkcjonowanie przedszkoli zostaje czasowo ograniczone. <\/span><\/span><\/p>\n<p align=\"justify\"><span style=\"font-family: Times New Roman, serif;\"><span style=\"font-size: xx-large;\">Ograniczenie b\u0119dzie polega\u0142o na prowadzeniu zaj\u0119\u0107 w przedszkolach z wykorzystaniem metod i technik kszta\u0142cenia na odleg\u0142o\u015b\u0107.<\/span><\/span><\/p>\n<p align=\"justify\"><span style=\"font-family: Times New Roman, serif;\"><span style=\"font-size: xx-large;\">Obowi\u0105zkowo w przedszkolu b\u0119d\u0105 prowadzone zaj\u0119cia dla dzieci posiadaj\u0105cych orzeczenie o potrzebie kszta\u0142cenia specjalnego oraz dzieci os\u00f3b zatrudnionych w podmiotach wykonuj\u0105cych dzia\u0142alno\u015b\u0107 lecznicz\u0105 oraz innych os\u00f3b realizuj\u0105cych zadania publiczne zwi\u0105zane z zapobieganiem, przeciwdzia\u0142aniem i zwalczaniem COVID -19.<\/span><\/span><\/p>\n","protected":false},"excerpt":{"rendered":"<p>OG\u0141OSZENIE ! Drodzy rodzice, od 29 marca 2021r. do 9 kwietnia 2021 roku funkcjonowanie przedszkoli zostaje czasowo ograniczone. Ograniczenie b\u0119dzie polega\u0142o na prowadzeniu zaj\u0119\u0107 w przedszkolach z wykorzystaniem metod i technik kszta\u0142cenia na odleg\u0142o\u015b\u0107. Obowi\u0105zkowo w przedszkolu b\u0119d\u0105 prowadzone zaj\u0119cia dla dzieci posiadaj\u0105cych orzeczenie o potrzebie kszta\u0142cenia specjalnego oraz dzieci os\u00f3b zatrudnionych w podmiotach wykonuj\u0105cych&hellip; <br \/> <a class=\"read-more\" href=\"http:\/\/przedszkole.kosowlacki.pl\/wordpress\/ogloszenie-3\/\">Read more<\/a><\/p>\n","protected":false},"author":2,"featured_media":0,"comment_status":"open","ping_status":"open","sticky":false,"template":"","format":"standard","meta":[],"categories":[11],"tags":[],"_links":{"self":[{"href":"http:\/\/przedszkole.kosowlacki.pl\/wordpress\/wp-json\/wp\/v2\/posts\/5031"}],"collection":[{"href":"http:\/\/przedszkole.kosowlacki.pl\/wordpress\/wp-json\/wp\/v2\/posts"}],"about":[{"href":"http:\/\/przedszkole.kosowlacki.pl\/wordpress\/wp-json\/wp\/v2\/types\/post"}],"author":[{"embeddable":true,"href":"http:\/\/przedszkole.kosowlacki.pl\/wordpress\/wp-json\/wp\/v2\/users\/2"}],"replies":[{"embeddable":true,"href":"http:\/\/przedszkole.kosowlacki.pl\/wordpress\/wp-json\/wp\/v2\/comments?post=5031"}],"version-history":[{"count":2,"href":"http:\/\/przedszkole.kosowlacki.pl\/wordpress\/wp-json\/wp\/v2\/posts\/5031\/revisions"}],"predecessor-version":[{"id":5033,"href":"http:\/\/przedszkole.kosowlacki.pl\/wordpress\/wp-json\/wp\/v2\/posts\/5031\/revisions\/5033"}],"wp:attachment":[{"href":"http:\/\/przedszkole.kosowlacki.pl\/wordpress\/wp-json\/wp\/v2\/media?parent=5031"}],"wp:term":[{"taxonomy":"category","embeddable":true,"href":"http:\/\/przedszkole.kosowlacki.pl\/wordpress\/wp-json\/wp\/v2\/categories?post=5031"},{"taxonomy":"post_tag","embeddable":true,"href":"http:\/\/przedszkole.kosowlacki.pl\/wordpress\/wp-json\/wp\/v2\/tags?post=5031"}],"curies":[{"name":"wp","href":"https:\/\/api.w.org\/{rel}","templated":true}]}}