{"id":4572,"date":"2021-02-16T09:24:04","date_gmt":"2021-02-16T08:24:04","guid":{"rendered":"http:\/\/przedszkole.kosowlacki.pl\/wordpress\/?p=4572"},"modified":"2021-02-16T09:24:54","modified_gmt":"2021-02-16T08:24:54","slug":"szkolenie-dla-rodzicow","status":"publish","type":"post","link":"http:\/\/przedszkole.kosowlacki.pl\/wordpress\/szkolenie-dla-rodzicow\/","title":{"rendered":"WARSZTATY DLA RODZIC\u00d3W"},"content":{"rendered":"<p style=\"text-align: center;\">Zapraszamy rodzic\u00f3w do udzia\u0142u w<strong> warsztatach<\/strong> <strong>&#8222;Potrafi\u0119 si\u0119 zatrzyma\u0107.&#8221;\u00a0<\/strong><\/p>\n<p style=\"text-align: center;\">Warsztaty skierowane s\u0105 dla rodzic\u00f3w dzieci w wieku 0-6 lat.<\/p>\n<p style=\"text-align: center;\">Spotkanie odb\u0119dzie si\u0119 w<strong> formie online 1 marca 2021r<\/strong>. w godzinach <strong>17:00 -19:00.<\/strong><\/p>\n<p style=\"text-align: center;\">Udzia\u0142 jest bezp\u0142atny.<\/p>\n<p style=\"text-align: center;\">Wi\u0119cej informacji dost\u0119pne jest pod poni\u017cszym linkiem:<\/p>\n<p style=\"text-align: center;\">https:\/\/rodzice.fdds.pl\/spotkanie\/potrafie-sie-zatrzymac\/<\/p>\n<p style=\"text-align: center;\">\n","protected":false},"excerpt":{"rendered":"<p>Zapraszamy rodzic\u00f3w do udzia\u0142u w warsztatach &#8222;Potrafi\u0119 si\u0119 zatrzyma\u0107.&#8221;\u00a0 Warsztaty skierowane s\u0105 dla rodzic\u00f3w dzieci w wieku 0-6 lat. Spotkanie odb\u0119dzie si\u0119 w formie online 1 marca 2021r. w godzinach 17:00 -19:00. Udzia\u0142 jest bezp\u0142atny. Wi\u0119cej informacji dost\u0119pne jest pod poni\u017cszym linkiem: https:\/\/rodzice.fdds.pl\/spotkanie\/potrafie-sie-zatrzymac\/<\/p>\n","protected":false},"author":9,"featured_media":0,"comment_status":"open","ping_status":"open","sticky":false,"template":"","format":"standard","meta":[],"categories":[11],"tags":[],"_links":{"self":[{"href":"http:\/\/przedszkole.kosowlacki.pl\/wordpress\/wp-json\/wp\/v2\/posts\/4572"}],"collection":[{"href":"http:\/\/przedszkole.kosowlacki.pl\/wordpress\/wp-json\/wp\/v2\/posts"}],"about":[{"href":"http:\/\/przedszkole.kosowlacki.pl\/wordpress\/wp-json\/wp\/v2\/types\/post"}],"author":[{"embeddable":true,"href":"http:\/\/przedszkole.kosowlacki.pl\/wordpress\/wp-json\/wp\/v2\/users\/9"}],"replies":[{"embeddable":true,"href":"http:\/\/przedszkole.kosowlacki.pl\/wordpress\/wp-json\/wp\/v2\/comments?post=4572"}],"version-history":[{"count":3,"href":"http:\/\/przedszkole.kosowlacki.pl\/wordpress\/wp-json\/wp\/v2\/posts\/4572\/revisions"}],"predecessor-version":[{"id":4576,"href":"http:\/\/przedszkole.kosowlacki.pl\/wordpress\/wp-json\/wp\/v2\/posts\/4572\/revisions\/4576"}],"wp:attachment":[{"href":"http:\/\/przedszkole.kosowlacki.pl\/wordpress\/wp-json\/wp\/v2\/media?parent=4572"}],"wp:term":[{"taxonomy":"category","embeddable":true,"href":"http:\/\/przedszkole.kosowlacki.pl\/wordpress\/wp-json\/wp\/v2\/categories?post=4572"},{"taxonomy":"post_tag","embeddable":true,"href":"http:\/\/przedszkole.kosowlacki.pl\/wordpress\/wp-json\/wp\/v2\/tags?post=4572"}],"curies":[{"name":"wp","href":"https:\/\/api.w.org\/{rel}","templated":true}]}}