{"id":4261,"date":"2021-01-26T10:03:57","date_gmt":"2021-01-26T09:03:57","guid":{"rendered":"http:\/\/przedszkole.kosowlacki.pl\/wordpress\/?p=4261"},"modified":"2021-01-26T10:05:35","modified_gmt":"2021-01-26T09:05:35","slug":"konkurs-z-zoltym-talerzem","status":"publish","type":"post","link":"http:\/\/przedszkole.kosowlacki.pl\/wordpress\/konkurs-z-zoltym-talerzem\/","title":{"rendered":"Konkurs z \u017b\u00f3\u0142tym Talerzem"},"content":{"rendered":"<div><strong>Szanowni Pa\u0144stwo serdecznie zach\u0119camy Dzieci i Rodzic\u00f3w do wzi\u0119cia udzia\u0142u w konkursie kulinarnym.<\/strong><\/div>\n<div><\/div>\n<div>\n<div><em><strong>Co trzeba zrobi\u0107?<\/strong><\/em><\/div>\n<\/div>\n<div>\n<div>Poka\u017c na zdj\u0119ciu wsp\u00f3lne\/rodzinne kreatywne gotowanie!<\/div>\n<\/div>\n<div><\/div>\n<div>\n<div><em><strong>Co zrobi\u0107 ze zdj\u0119ciem?<\/strong><\/em><\/div>\n<div>\n<div>Zdj\u0119cie nale\u017cy wrzuci\u0107 w komentarzu pod postem konkursowym (post z dnia 12.01.2021 r.) znajduj\u0105cym si\u0119 na Facebook Kulczyk Foundation.<\/div>\n<\/div>\n<\/div>\n<div><\/div>\n<div>https:\/\/www.facebook.com\/kulczykfoundation\/hc_ref=ARTWScjlZWRDPTWigTb686kHjH3OAFQEDyA_6XSjLCSaM0fG_oxd3uXW4oWroBy9jl8&amp;fref=nf&amp;__tn__=kC-R<\/div>\n<div><\/div>\n<div>\n<div><em><strong>Czas trwania konkursu<\/strong><\/em><\/div>\n<div>\n<div>Na Wasze prace czekamy do 31 stycznia 2021 r.<\/div>\n<\/div>\n<\/div>\n<div><\/div>\n<div>\n<div><em><strong>Co mo\u017cna wygra\u0107?<\/strong><\/em><\/div>\n<\/div>\n<div>\n<div><strong>Blendery, butelki na wody smakowe i ksi\u0105\u017cki kucharskie!<\/strong><\/div>\n<\/div>\n<div><\/div>\n<div>\n<div>Zapraszamy i \u017cyczymy mi\u0142ego gotowania \ud83d\ude42<\/div>\n<\/div>\n<div><\/div>\n<div><strong>Regulamin dost\u0119pny na stronie:<\/strong>\u00a0<a href=\"https:\/\/bit.ly\/KreatywneGotowanieRegulamin\" target=\"_blank\" rel=\"noopener noreferrer\" data-saferedirecturl=\"https:\/\/www.google.com\/url?q=https:\/\/bit.ly\/KreatywneGotowanieRegulamin&amp;source=gmail&amp;ust=1611736372805000&amp;usg=AFQjCNHUd41Xi9V6pd6btMvVekgEN9fTxA\">http:\/\/bit.ly\/<wbr \/>KreatywneGotowanieRegulamin<\/a><\/div>\n<div>\n<div><\/div>\n<\/div>\n","protected":false},"excerpt":{"rendered":"<p>Szanowni Pa\u0144stwo serdecznie zach\u0119camy Dzieci i Rodzic\u00f3w do wzi\u0119cia udzia\u0142u w konkursie kulinarnym. Co trzeba zrobi\u0107? Poka\u017c na zdj\u0119ciu wsp\u00f3lne\/rodzinne kreatywne gotowanie! Co zrobi\u0107 ze zdj\u0119ciem? Zdj\u0119cie nale\u017cy wrzuci\u0107 w komentarzu pod postem konkursowym (post z dnia 12.01.2021 r.) znajduj\u0105cym si\u0119 na Facebook Kulczyk Foundation. https:\/\/www.facebook.com\/kulczykfoundation\/hc_ref=ARTWScjlZWRDPTWigTb686kHjH3OAFQEDyA_6XSjLCSaM0fG_oxd3uXW4oWroBy9jl8&amp;fref=nf&amp;__tn__=kC-R Czas trwania konkursu Na Wasze prace czekamy do 31&hellip; <br \/> <a class=\"read-more\" href=\"http:\/\/przedszkole.kosowlacki.pl\/wordpress\/konkurs-z-zoltym-talerzem\/\">Read more<\/a><\/p>\n","protected":false},"author":9,"featured_media":0,"comment_status":"open","ping_status":"open","sticky":false,"template":"","format":"standard","meta":[],"categories":[11],"tags":[],"_links":{"self":[{"href":"http:\/\/przedszkole.kosowlacki.pl\/wordpress\/wp-json\/wp\/v2\/posts\/4261"}],"collection":[{"href":"http:\/\/przedszkole.kosowlacki.pl\/wordpress\/wp-json\/wp\/v2\/posts"}],"about":[{"href":"http:\/\/przedszkole.kosowlacki.pl\/wordpress\/wp-json\/wp\/v2\/types\/post"}],"author":[{"embeddable":true,"href":"http:\/\/przedszkole.kosowlacki.pl\/wordpress\/wp-json\/wp\/v2\/users\/9"}],"replies":[{"embeddable":true,"href":"http:\/\/przedszkole.kosowlacki.pl\/wordpress\/wp-json\/wp\/v2\/comments?post=4261"}],"version-history":[{"count":3,"href":"http:\/\/przedszkole.kosowlacki.pl\/wordpress\/wp-json\/wp\/v2\/posts\/4261\/revisions"}],"predecessor-version":[{"id":4265,"href":"http:\/\/przedszkole.kosowlacki.pl\/wordpress\/wp-json\/wp\/v2\/posts\/4261\/revisions\/4265"}],"wp:attachment":[{"href":"http:\/\/przedszkole.kosowlacki.pl\/wordpress\/wp-json\/wp\/v2\/media?parent=4261"}],"wp:term":[{"taxonomy":"category","embeddable":true,"href":"http:\/\/przedszkole.kosowlacki.pl\/wordpress\/wp-json\/wp\/v2\/categories?post=4261"},{"taxonomy":"post_tag","embeddable":true,"href":"http:\/\/przedszkole.kosowlacki.pl\/wordpress\/wp-json\/wp\/v2\/tags?post=4261"}],"curies":[{"name":"wp","href":"https:\/\/api.w.org\/{rel}","templated":true}]}}