{"id":4238,"date":"2021-01-22T09:41:37","date_gmt":"2021-01-22T08:41:37","guid":{"rendered":"http:\/\/przedszkole.kosowlacki.pl\/wordpress\/?p=4238"},"modified":"2021-01-22T09:41:37","modified_gmt":"2021-01-22T08:41:37","slug":"bal-karnawalowy","status":"publish","type":"post","link":"http:\/\/przedszkole.kosowlacki.pl\/wordpress\/bal-karnawalowy\/","title":{"rendered":"BAL KARNAWA\u0141OWY"},"content":{"rendered":"<h2 align=\"left\"><span style=\"font-family: Times New Roman, serif;\"><span style=\"font-size: xx-large;\">W dniu <\/span><span style=\"color: #ff0000;\"><span style=\"font-size: xx-large;\"><b>11 lutego 2021r<\/b><\/span><\/span><span style=\"font-size: xx-large;\">. ( czwartek) odb\u0119dzie si\u0119 w naszym przedszkolu <\/span><span style=\"color: #ff0000;\"><span style=\"font-size: xx-large;\"><b>Bal<\/b><\/span><\/span><b> <\/b><span style=\"color: #ff0000;\"><span style=\"font-size: xx-large;\"><b>Karnawa\u0142owy<\/b><\/span><\/span><span style=\"font-size: xx-large;\">. Impreza b\u0119dzie mia\u0142a charakter wewn\u0119trzny. Ze wzgl\u0119du na obecn\u0105 sytuacj\u0119 epidemiologiczn\u0105 zabawa karnawa\u0142owa odb\u0119dzie si\u0119 w salach przedszkolnych &#8211; ka\u017cda grupa w swojej sali. Mile widziane stroje karnawa\u0142owe.<\/span><\/span><\/h2>\n<p><img loading=\"lazy\" class=\"size-full wp-image-4239 aligncenter\" src=\"http:\/\/przedszkole.kosowlacki.pl\/wordpress\/wp-content\/uploads\/2021\/01\/bal.png\" alt=\"\" width=\"531\" height=\"299\" srcset=\"http:\/\/przedszkole.kosowlacki.pl\/wordpress\/wp-content\/uploads\/2021\/01\/bal.png 531w, http:\/\/przedszkole.kosowlacki.pl\/wordpress\/wp-content\/uploads\/2021\/01\/bal-300x169.png 300w\" sizes=\"(max-width: 531px) 100vw, 531px\" \/><\/p>\n","protected":false},"excerpt":{"rendered":"<p>W dniu 11 lutego 2021r. ( czwartek) odb\u0119dzie si\u0119 w naszym przedszkolu Bal Karnawa\u0142owy. Impreza b\u0119dzie mia\u0142a charakter wewn\u0119trzny. Ze wzgl\u0119du na obecn\u0105 sytuacj\u0119 epidemiologiczn\u0105 zabawa karnawa\u0142owa odb\u0119dzie si\u0119 w salach przedszkolnych &#8211; ka\u017cda grupa w swojej sali. Mile widziane stroje karnawa\u0142owe.<\/p>\n","protected":false},"author":2,"featured_media":0,"comment_status":"open","ping_status":"open","sticky":false,"template":"","format":"standard","meta":[],"categories":[11],"tags":[],"_links":{"self":[{"href":"http:\/\/przedszkole.kosowlacki.pl\/wordpress\/wp-json\/wp\/v2\/posts\/4238"}],"collection":[{"href":"http:\/\/przedszkole.kosowlacki.pl\/wordpress\/wp-json\/wp\/v2\/posts"}],"about":[{"href":"http:\/\/przedszkole.kosowlacki.pl\/wordpress\/wp-json\/wp\/v2\/types\/post"}],"author":[{"embeddable":true,"href":"http:\/\/przedszkole.kosowlacki.pl\/wordpress\/wp-json\/wp\/v2\/users\/2"}],"replies":[{"embeddable":true,"href":"http:\/\/przedszkole.kosowlacki.pl\/wordpress\/wp-json\/wp\/v2\/comments?post=4238"}],"version-history":[{"count":1,"href":"http:\/\/przedszkole.kosowlacki.pl\/wordpress\/wp-json\/wp\/v2\/posts\/4238\/revisions"}],"predecessor-version":[{"id":4240,"href":"http:\/\/przedszkole.kosowlacki.pl\/wordpress\/wp-json\/wp\/v2\/posts\/4238\/revisions\/4240"}],"wp:attachment":[{"href":"http:\/\/przedszkole.kosowlacki.pl\/wordpress\/wp-json\/wp\/v2\/media?parent=4238"}],"wp:term":[{"taxonomy":"category","embeddable":true,"href":"http:\/\/przedszkole.kosowlacki.pl\/wordpress\/wp-json\/wp\/v2\/categories?post=4238"},{"taxonomy":"post_tag","embeddable":true,"href":"http:\/\/przedszkole.kosowlacki.pl\/wordpress\/wp-json\/wp\/v2\/tags?post=4238"}],"curies":[{"name":"wp","href":"https:\/\/api.w.org\/{rel}","templated":true}]}}