{"id":4210,"date":"2020-12-22T09:11:09","date_gmt":"2020-12-22T08:11:09","guid":{"rendered":"http:\/\/przedszkole.kosowlacki.pl\/wordpress\/?p=4210"},"modified":"2020-12-22T09:17:25","modified_gmt":"2020-12-22T08:17:25","slug":"zyczenia","status":"publish","type":"post","link":"http:\/\/przedszkole.kosowlacki.pl\/wordpress\/zyczenia\/","title":{"rendered":"\u017byczenia"},"content":{"rendered":"<h3 align=\"center\">To w\u0142a\u015bnie tego wieczoru,<br \/>\ngdy wiatr zimnym \u015bniegiem dmucha<br \/>\n&#8211; w serca z\u0142amane i smutne,<br \/>\ncicha wst\u0119puje otucha.<br \/>\nTo w\u0142a\u015bnie tego wieczoru,<br \/>\nod bardzo wielu ju\u017c wiek\u00f3w,<br \/>\npod dachem tkliwej kol\u0119dy,<br \/>\nB\u00f3g si\u0119 rodzi w cz\u0142owieku.<br \/>\nRadosnych i pogodnych<br \/>\n\u015awi\u0105t Bo\u017cego Narodzenia<br \/>\noraz Nowego Roku 2021<\/h3>\n<h3 align=\"center\">\u017cycz\u0105<\/h3>\n<h3 align=\"center\"><em><strong>Dyrekcja i Pracownicy<\/strong><\/em><\/h3>\n<h3 align=\"center\"><em><strong>Gminnego Przedszkola w Kosowie Lackim<\/strong><\/em><\/h3>\n<p>&nbsp;<\/p>\n<p><img loading=\"lazy\" class=\"alignnone wp-image-4212 aligncenter\" src=\"http:\/\/przedszkole.kosowlacki.pl\/wordpress\/wp-content\/uploads\/2020\/12\/szopka.jpg\" alt=\"\" width=\"614\" height=\"388\" srcset=\"http:\/\/przedszkole.kosowlacki.pl\/wordpress\/wp-content\/uploads\/2020\/12\/szopka.jpg 400w, http:\/\/przedszkole.kosowlacki.pl\/wordpress\/wp-content\/uploads\/2020\/12\/szopka-300x190.jpg 300w\" sizes=\"(max-width: 614px) 100vw, 614px\" \/><\/p>\n","protected":false},"excerpt":{"rendered":"<p>To w\u0142a\u015bnie tego wieczoru, gdy wiatr zimnym \u015bniegiem dmucha &#8211; w serca z\u0142amane i smutne, cicha wst\u0119puje otucha. To w\u0142a\u015bnie tego wieczoru, od bardzo wielu ju\u017c wiek\u00f3w, pod dachem tkliwej kol\u0119dy, B\u00f3g si\u0119 rodzi w cz\u0142owieku. Radosnych i pogodnych \u015awi\u0105t Bo\u017cego Narodzenia oraz Nowego Roku 2021 \u017cycz\u0105 Dyrekcja i Pracownicy Gminnego Przedszkola w Kosowie Lackim&hellip; <br \/> <a class=\"read-more\" href=\"http:\/\/przedszkole.kosowlacki.pl\/wordpress\/zyczenia\/\">Read more<\/a><\/p>\n","protected":false},"author":2,"featured_media":0,"comment_status":"open","ping_status":"open","sticky":false,"template":"","format":"standard","meta":[],"categories":[11],"tags":[],"_links":{"self":[{"href":"http:\/\/przedszkole.kosowlacki.pl\/wordpress\/wp-json\/wp\/v2\/posts\/4210"}],"collection":[{"href":"http:\/\/przedszkole.kosowlacki.pl\/wordpress\/wp-json\/wp\/v2\/posts"}],"about":[{"href":"http:\/\/przedszkole.kosowlacki.pl\/wordpress\/wp-json\/wp\/v2\/types\/post"}],"author":[{"embeddable":true,"href":"http:\/\/przedszkole.kosowlacki.pl\/wordpress\/wp-json\/wp\/v2\/users\/2"}],"replies":[{"embeddable":true,"href":"http:\/\/przedszkole.kosowlacki.pl\/wordpress\/wp-json\/wp\/v2\/comments?post=4210"}],"version-history":[{"count":5,"href":"http:\/\/przedszkole.kosowlacki.pl\/wordpress\/wp-json\/wp\/v2\/posts\/4210\/revisions"}],"predecessor-version":[{"id":4217,"href":"http:\/\/przedszkole.kosowlacki.pl\/wordpress\/wp-json\/wp\/v2\/posts\/4210\/revisions\/4217"}],"wp:attachment":[{"href":"http:\/\/przedszkole.kosowlacki.pl\/wordpress\/wp-json\/wp\/v2\/media?parent=4210"}],"wp:term":[{"taxonomy":"category","embeddable":true,"href":"http:\/\/przedszkole.kosowlacki.pl\/wordpress\/wp-json\/wp\/v2\/categories?post=4210"},{"taxonomy":"post_tag","embeddable":true,"href":"http:\/\/przedszkole.kosowlacki.pl\/wordpress\/wp-json\/wp\/v2\/tags?post=4210"}],"curies":[{"name":"wp","href":"https:\/\/api.w.org\/{rel}","templated":true}]}}