{"id":3146,"date":"2020-10-15T09:32:07","date_gmt":"2020-10-15T07:32:07","guid":{"rendered":"http:\/\/przedszkole.kosowlacki.pl\/wordpress\/?p=3146"},"modified":"2020-10-15T09:43:01","modified_gmt":"2020-10-15T07:43:01","slug":"kiermasz-dla-michasia","status":"publish","type":"post","link":"http:\/\/przedszkole.kosowlacki.pl\/wordpress\/kiermasz-dla-michasia\/","title":{"rendered":"Kiermasz dla Michasia"},"content":{"rendered":"<h3>Gminne Przedszkole jako wsp\u00f3\u0142organizator akcji ,,Pom\u00f3\u017c Michasiowi\u201d serdecznie zaprasza wszystkich Rodzic\u00f3w do udzia\u0142u w kiermaszu, kt\u00f3ry odb\u0119dzie si\u0119 17 pa\u017adziernika ( sobota) od godziny 9 do 15 przed Miejsko &#8211; Gminnym O\u015brodkiem Kultury w Kosowie Lackim. Proponujemy ciasta, s\u0142odko\u015bci, jesienne dary, dekoracje, itp.<\/h3>\n<h3>\u00a0 \u00a0 \u00a0 \u00a0 \u00a0 \u00a0 \u00a0 \u00a0 \u00a0 \u00a0 \u00a0 \u00a0 \u00a0 \u00a0 \u00a0 \u00a0 \u00a0 \u00a0 \u00a0 \u00a0 \u00a0 \u00a0 Serdecznie zapraszamy<\/h3>\n<h3><\/h3>\n","protected":false},"excerpt":{"rendered":"<p>Gminne Przedszkole jako wsp\u00f3\u0142organizator akcji ,,Pom\u00f3\u017c Michasiowi\u201d serdecznie zaprasza wszystkich Rodzic\u00f3w do udzia\u0142u w kiermaszu, kt\u00f3ry odb\u0119dzie si\u0119 17 pa\u017adziernika ( sobota) od godziny 9 do 15 przed Miejsko &#8211; Gminnym O\u015brodkiem Kultury w Kosowie Lackim. Proponujemy ciasta, s\u0142odko\u015bci, jesienne dary, dekoracje, itp. \u00a0 \u00a0 \u00a0 \u00a0 \u00a0 \u00a0 \u00a0 \u00a0 \u00a0 \u00a0 \u00a0 \u00a0&hellip; <br \/> <a class=\"read-more\" href=\"http:\/\/przedszkole.kosowlacki.pl\/wordpress\/kiermasz-dla-michasia\/\">Read more<\/a><\/p>\n","protected":false},"author":2,"featured_media":0,"comment_status":"open","ping_status":"open","sticky":false,"template":"","format":"standard","meta":[],"categories":[11],"tags":[],"_links":{"self":[{"href":"http:\/\/przedszkole.kosowlacki.pl\/wordpress\/wp-json\/wp\/v2\/posts\/3146"}],"collection":[{"href":"http:\/\/przedszkole.kosowlacki.pl\/wordpress\/wp-json\/wp\/v2\/posts"}],"about":[{"href":"http:\/\/przedszkole.kosowlacki.pl\/wordpress\/wp-json\/wp\/v2\/types\/post"}],"author":[{"embeddable":true,"href":"http:\/\/przedszkole.kosowlacki.pl\/wordpress\/wp-json\/wp\/v2\/users\/2"}],"replies":[{"embeddable":true,"href":"http:\/\/przedszkole.kosowlacki.pl\/wordpress\/wp-json\/wp\/v2\/comments?post=3146"}],"version-history":[{"count":3,"href":"http:\/\/przedszkole.kosowlacki.pl\/wordpress\/wp-json\/wp\/v2\/posts\/3146\/revisions"}],"predecessor-version":[{"id":3149,"href":"http:\/\/przedszkole.kosowlacki.pl\/wordpress\/wp-json\/wp\/v2\/posts\/3146\/revisions\/3149"}],"wp:attachment":[{"href":"http:\/\/przedszkole.kosowlacki.pl\/wordpress\/wp-json\/wp\/v2\/media?parent=3146"}],"wp:term":[{"taxonomy":"category","embeddable":true,"href":"http:\/\/przedszkole.kosowlacki.pl\/wordpress\/wp-json\/wp\/v2\/categories?post=3146"},{"taxonomy":"post_tag","embeddable":true,"href":"http:\/\/przedszkole.kosowlacki.pl\/wordpress\/wp-json\/wp\/v2\/tags?post=3146"}],"curies":[{"name":"wp","href":"https:\/\/api.w.org\/{rel}","templated":true}]}}