{"id":3141,"date":"2020-10-08T11:21:43","date_gmt":"2020-10-08T09:21:43","guid":{"rendered":"http:\/\/przedszkole.kosowlacki.pl\/wordpress\/?p=3141"},"modified":"2020-10-08T11:22:34","modified_gmt":"2020-10-08T09:22:34","slug":"pomagamy-choremu-michasiowi","status":"publish","type":"post","link":"http:\/\/przedszkole.kosowlacki.pl\/wordpress\/pomagamy-choremu-michasiowi\/","title":{"rendered":"POMAGAMY CHOREMU MICHASIOWI"},"content":{"rendered":"<h2 class=\"western\" align=\"left\"><strong><span style=\"font-family: Times New Roman, serif;\">Gminne Przedszkole w Kosowie Lackim prowadzi zbi\u00f3rk\u0119 plastikowych nakr\u0119tek dla chorego Michasia Boguckiego z Nura. Micha\u015b ma dziesi\u0119\u0107 miesi\u0119cy, zdiagnozowano u niego SMA typu 1, czyli rdzeniowy zanik mi\u0119\u015bni. Kosztowna terapia genowa mo\u017ce mu uratowa\u0107 \u017cycie. Zebrane nakr\u0119tki nale\u017cy dostarczy\u0107 do <\/span><span style=\"color: #ff0000;\"><span style=\"font-family: Times New Roman, serif;\">13 pa\u017adziernika<\/span><\/span><span style=\"font-family: Times New Roman, serif;\"> (wtorek)<\/span><span style=\"font-family: Times New Roman, serif;\"> do przedszkola. Zach\u0119camy do udzia\u0142u w akcji.<\/span><\/strong><\/h2>\n<p><img loading=\"lazy\" class=\"size-full wp-image-3142 aligncenter\" src=\"http:\/\/przedszkole.kosowlacki.pl\/wordpress\/wp-content\/uploads\/2020\/10\/NAKRE\u0328C\u0301-SIE\u0328-NA-1-1-724x1024-1.jpg\" alt=\"\" width=\"724\" height=\"1024\" srcset=\"http:\/\/przedszkole.kosowlacki.pl\/wordpress\/wp-content\/uploads\/2020\/10\/NAKRE\u0328C\u0301-SIE\u0328-NA-1-1-724x1024-1.jpg 724w, http:\/\/przedszkole.kosowlacki.pl\/wordpress\/wp-content\/uploads\/2020\/10\/NAKRE\u0328C\u0301-SIE\u0328-NA-1-1-724x1024-1-212x300.jpg 212w\" sizes=\"(max-width: 724px) 100vw, 724px\" \/><\/p>\n","protected":false},"excerpt":{"rendered":"<p>Gminne Przedszkole w Kosowie Lackim prowadzi zbi\u00f3rk\u0119 plastikowych nakr\u0119tek dla chorego Michasia Boguckiego z Nura. Micha\u015b ma dziesi\u0119\u0107 miesi\u0119cy, zdiagnozowano u niego SMA typu 1, czyli rdzeniowy zanik mi\u0119\u015bni. Kosztowna terapia genowa mo\u017ce mu uratowa\u0107 \u017cycie. Zebrane nakr\u0119tki nale\u017cy dostarczy\u0107 do 13 pa\u017adziernika (wtorek) do przedszkola. Zach\u0119camy do udzia\u0142u w akcji.<\/p>\n","protected":false},"author":2,"featured_media":0,"comment_status":"open","ping_status":"open","sticky":false,"template":"","format":"standard","meta":[],"categories":[11],"tags":[],"_links":{"self":[{"href":"http:\/\/przedszkole.kosowlacki.pl\/wordpress\/wp-json\/wp\/v2\/posts\/3141"}],"collection":[{"href":"http:\/\/przedszkole.kosowlacki.pl\/wordpress\/wp-json\/wp\/v2\/posts"}],"about":[{"href":"http:\/\/przedszkole.kosowlacki.pl\/wordpress\/wp-json\/wp\/v2\/types\/post"}],"author":[{"embeddable":true,"href":"http:\/\/przedszkole.kosowlacki.pl\/wordpress\/wp-json\/wp\/v2\/users\/2"}],"replies":[{"embeddable":true,"href":"http:\/\/przedszkole.kosowlacki.pl\/wordpress\/wp-json\/wp\/v2\/comments?post=3141"}],"version-history":[{"count":2,"href":"http:\/\/przedszkole.kosowlacki.pl\/wordpress\/wp-json\/wp\/v2\/posts\/3141\/revisions"}],"predecessor-version":[{"id":3144,"href":"http:\/\/przedszkole.kosowlacki.pl\/wordpress\/wp-json\/wp\/v2\/posts\/3141\/revisions\/3144"}],"wp:attachment":[{"href":"http:\/\/przedszkole.kosowlacki.pl\/wordpress\/wp-json\/wp\/v2\/media?parent=3141"}],"wp:term":[{"taxonomy":"category","embeddable":true,"href":"http:\/\/przedszkole.kosowlacki.pl\/wordpress\/wp-json\/wp\/v2\/categories?post=3141"},{"taxonomy":"post_tag","embeddable":true,"href":"http:\/\/przedszkole.kosowlacki.pl\/wordpress\/wp-json\/wp\/v2\/tags?post=3141"}],"curies":[{"name":"wp","href":"https:\/\/api.w.org\/{rel}","templated":true}]}}