{"id":3054,"date":"2020-09-30T15:55:53","date_gmt":"2020-09-30T13:55:53","guid":{"rendered":"http:\/\/przedszkole.kosowlacki.pl\/wordpress\/?p=3054"},"modified":"2020-09-30T15:56:58","modified_gmt":"2020-09-30T13:56:58","slug":"wesprzyj-nasza-gmine-i-spisz-gospodarstwo-rolne","status":"publish","type":"post","link":"http:\/\/przedszkole.kosowlacki.pl\/wordpress\/wesprzyj-nasza-gmine-i-spisz-gospodarstwo-rolne\/","title":{"rendered":"Wesprzyj nasz\u0105 gmin\u0119 i spisz gospodarstwo rolne!"},"content":{"rendered":"<p><img loading=\"lazy\" class=\"alignnone size-full wp-image-3055\" src=\"http:\/\/przedszkole.kosowlacki.pl\/wordpress\/wp-content\/uploads\/2020\/09\/konkurs-dla-GBS.png-plakat.jpg\" alt=\"\" width=\"1571\" height=\"827\" srcset=\"http:\/\/przedszkole.kosowlacki.pl\/wordpress\/wp-content\/uploads\/2020\/09\/konkurs-dla-GBS.png-plakat.jpg 1571w, http:\/\/przedszkole.kosowlacki.pl\/wordpress\/wp-content\/uploads\/2020\/09\/konkurs-dla-GBS.png-plakat-300x158.jpg 300w, http:\/\/przedszkole.kosowlacki.pl\/wordpress\/wp-content\/uploads\/2020\/09\/konkurs-dla-GBS.png-plakat-1024x539.jpg 1024w, http:\/\/przedszkole.kosowlacki.pl\/wordpress\/wp-content\/uploads\/2020\/09\/konkurs-dla-GBS.png-plakat-768x404.jpg 768w, http:\/\/przedszkole.kosowlacki.pl\/wordpress\/wp-content\/uploads\/2020\/09\/konkurs-dla-GBS.png-plakat-1536x809.jpg 1536w\" sizes=\"(max-width: 1571px) 100vw, 1571px\" \/><\/p>\n<p><strong>Wesprzyj nasz\u0105 gmin\u0119 i spisz gospodarstwo rolne!<\/strong><\/p>\n<p><strong>Rolnicy z naszej gminy, liczymy na Was! Je\u015bli wszyscy we\u017amiecie udzia\u0142 w Powszechnym Spisie Rolnym, to mamy ogromn\u0105 szans\u0119 na atrakcyjne nagrody dla naszych przedszkoli i szk\u00f3\u0142!<\/strong><\/p>\n<p>Drodzy Rolnicy,<\/p>\n<p>Wasz udzia\u0142 w Powszechnym Spisie Rolnym 2020 jest bardzo wa\u017cny dla naszej gminy. Dzi\u0119ki temu b\u0119dziemy wiedzie\u0107, ilu Was jest, jaka jest Wasza sytuacja i jak mo\u017cemy Was wspiera\u0107. Dlatego bardzo liczymy, \u017ce wszyscy mo\u017cliwie szybko spiszecie swoje gospodarstwa rolne przez samospis internetowy.<\/p>\n<p>Mamy dla Was dodatkow\u0105 motywacj\u0119 \u2013 poprzez liczny udzia\u0142 w Powszechnym Spisie Rolnym mo\u017cecie zapewni\u0107 szko\u0142om i przedszkolom Waszych dzieci atrakcyjne nagrody!<\/p>\n<p>Ka\u017cda gmina wojew\u00f3dztwa mazowieckiego bierze udzia\u0142 w specjalnym konkursie Powszechnego Spisu Rolnego 2020. Zwyci\u0119zc\u0105 konkursu zostanie gmina lub miasto z najwi\u0119kszym odsetkiem os\u00f3b, kt\u00f3re spisa\u0142y si\u0119 samodzielnie przez Internet.<\/p>\n<p>Konkurs trwa od 16 wrze\u015bnia do 16 listopada 2020 r. Og\u0142oszenie wynik\u00f3w nast\u0105pi 20 listopada.<\/p>\n<p>Nagrod\u0105 dla zwyci\u0119skiej gminy\/miasta b\u0119dzie 50 sztuk zestaw\u00f3w sportowych dla szk\u00f3\u0142 podstawowych oraz atrakcyjne zestawy edukacyjne dla przedszkoli i edukacji wczesnoszkolnej.<\/p>\n<p>Rolnicy, bardzo na Was liczymy \u2013 wystarczy si\u0119 spisa\u0107! Spe\u0142nicie sw\u00f3j obowi\u0105zek, a przy okazji Wasze dzieci maj\u0105 szans\u0119 na atrakcyjne zestawy do nauki i sportu!<\/p>\n","protected":false},"excerpt":{"rendered":"<p>Wesprzyj nasz\u0105 gmin\u0119 i spisz gospodarstwo rolne! Rolnicy z naszej gminy, liczymy na Was! Je\u015bli wszyscy we\u017amiecie udzia\u0142 w Powszechnym Spisie Rolnym, to mamy ogromn\u0105 szans\u0119 na atrakcyjne nagrody dla naszych przedszkoli i szk\u00f3\u0142! Drodzy Rolnicy, Wasz udzia\u0142 w Powszechnym Spisie Rolnym 2020 jest bardzo wa\u017cny dla naszej gminy. Dzi\u0119ki temu b\u0119dziemy wiedzie\u0107, ilu Was&hellip; <br \/> <a class=\"read-more\" href=\"http:\/\/przedszkole.kosowlacki.pl\/wordpress\/wesprzyj-nasza-gmine-i-spisz-gospodarstwo-rolne\/\">Read more<\/a><\/p>\n","protected":false},"author":1,"featured_media":0,"comment_status":"open","ping_status":"open","sticky":false,"template":"","format":"standard","meta":[],"categories":[11],"tags":[],"_links":{"self":[{"href":"http:\/\/przedszkole.kosowlacki.pl\/wordpress\/wp-json\/wp\/v2\/posts\/3054"}],"collection":[{"href":"http:\/\/przedszkole.kosowlacki.pl\/wordpress\/wp-json\/wp\/v2\/posts"}],"about":[{"href":"http:\/\/przedszkole.kosowlacki.pl\/wordpress\/wp-json\/wp\/v2\/types\/post"}],"author":[{"embeddable":true,"href":"http:\/\/przedszkole.kosowlacki.pl\/wordpress\/wp-json\/wp\/v2\/users\/1"}],"replies":[{"embeddable":true,"href":"http:\/\/przedszkole.kosowlacki.pl\/wordpress\/wp-json\/wp\/v2\/comments?post=3054"}],"version-history":[{"count":2,"href":"http:\/\/przedszkole.kosowlacki.pl\/wordpress\/wp-json\/wp\/v2\/posts\/3054\/revisions"}],"predecessor-version":[{"id":3057,"href":"http:\/\/przedszkole.kosowlacki.pl\/wordpress\/wp-json\/wp\/v2\/posts\/3054\/revisions\/3057"}],"wp:attachment":[{"href":"http:\/\/przedszkole.kosowlacki.pl\/wordpress\/wp-json\/wp\/v2\/media?parent=3054"}],"wp:term":[{"taxonomy":"category","embeddable":true,"href":"http:\/\/przedszkole.kosowlacki.pl\/wordpress\/wp-json\/wp\/v2\/categories?post=3054"},{"taxonomy":"post_tag","embeddable":true,"href":"http:\/\/przedszkole.kosowlacki.pl\/wordpress\/wp-json\/wp\/v2\/tags?post=3054"}],"curies":[{"name":"wp","href":"https:\/\/api.w.org\/{rel}","templated":true}]}}