{"id":2900,"date":"2020-09-08T13:14:35","date_gmt":"2020-09-08T11:14:35","guid":{"rendered":"http:\/\/przedszkole.kosowlacki.pl\/wordpress\/?p=2900"},"modified":"2020-09-09T09:37:36","modified_gmt":"2020-09-09T07:37:36","slug":"informacja-dotyczaca-oplat-za-wyzywienie-i-godziny-pobytu-w-przedszkolu","status":"publish","type":"post","link":"http:\/\/przedszkole.kosowlacki.pl\/wordpress\/informacja-dotyczaca-oplat-za-wyzywienie-i-godziny-pobytu-w-przedszkolu\/","title":{"rendered":"INFORMACJA DOTYCZ\u0104CA OP\u0141AT ZA WY\u017bYWIENIE I GODZINY POBYTU W PRZEDSZKOLU"},"content":{"rendered":"<p><b style=\"font-size: medium; font-family: 'Times New Roman', serif; color: #ff0000; background-color: transparent;\"><span style=\"font-size: x-large;\">Op\u0142ata za wy\u017cywienie:<\/span><\/b><\/p>\n<h3><span style=\"font-family: Times New Roman, serif;\"><span style=\"font-size: medium;\"><span style=\"font-size: large;\">Nr konta\u00a0 <\/span><b><span style=\"font-size: large;\">27 9221 0000 0051 8954 2000 0030<\/span><\/b><\/span><\/span><\/h3>\n<h3><a name=\"_GoBack\"><\/a> <span style=\"font-family: Times New Roman, serif;\"><span style=\"font-size: medium;\"><b><span style=\"font-size: large;\"><u>Odbiorca<\/u><\/span><\/b><span style=\"font-size: large;\"><u>:<\/u><\/span> <span style=\"font-size: large;\"><b>Szko\u0142a Podstawowa im. Stefana Kardyna\u0142a Wyszy\u0144skiego<\/b><\/span><\/span><\/span><\/h3>\n<h3><span style=\"font-family: Times New Roman, serif;\"><span style=\"font-size: medium;\"><span style=\"font-size: large;\"><b>08-330 Kos\u00f3w Lacki<\/b><\/span><\/span><\/span><\/h3>\n<h3><span style=\"font-family: Times New Roman, serif;\"><span style=\"font-size: medium;\"><span style=\"font-size: large;\"><b>ul. Polna 1<\/b><\/span><\/span><\/span><\/h3>\n<h3><span style=\"font-family: Times New Roman, serif;\"><span style=\"font-size: medium;\"><span style=\"font-size: large;\"><u>w <\/u><\/span><b><span style=\"font-size: large;\"><u>tytule p\u0142atno\u015bci<\/u><\/span><\/b><span style=\"font-size: large;\"><u> prosz\u0119 zaznaczy\u0107 <\/u><\/span><b><span style=\"color: #ff0000;\"><span style=\"font-size: large;\"><u>nazwisko i imi\u0119 dziecka za <\/u><\/span><\/span><\/b><\/span><\/span><\/h3>\n<h3><span style=\"font-family: Times New Roman, serif;\"><span style=\"font-size: medium;\"><b><span style=\"color: #ff0000;\"><span style=\"font-size: large;\"><u>kt\u00f3rego wnoszona jest op\u0142ata oraz miesi\u0105c za kt\u00f3ry rodzic p\u0142aci.<\/u><\/span><\/span><\/b><\/span><\/span><\/h3>\n<p>&nbsp;<\/p>\n<h2 align=\"center\"><span style=\"font-family: Times New Roman, serif;\"><span style=\"font-size: medium;\"><b><span style=\"color: #ff0000;\"><span style=\"font-size: x-large;\">Op\u0142ata za pobyt dziecka w Przedszkolu<\/span><\/span><\/b><\/span><\/span><\/h2>\n<h3><span style=\"font-family: Times New Roman, serif;\"><span style=\"font-size: medium;\"><span style=\"font-size: large;\">Nr konta\u00a0 <\/span><b><span style=\"font-size: large;\">18 9221 0000 0051 8882 2000 0010<\/span><\/b><\/span><\/span><\/h3>\n<h3><span style=\"font-family: Times New Roman, serif;\"><span style=\"font-size: medium;\"><b><span style=\"font-size: large;\"><u>Odbiorca:<\/u><\/span><\/b> <span style=\"font-size: large;\"><b>Gminne Przedszkole w Kosowie Lackim<\/b><\/span><\/span><\/span><\/h3>\n<h3><span style=\"font-family: Times New Roman, serif;\"><span style=\"font-size: medium;\"><span style=\"font-size: large;\"><b>08-330 Kos\u00f3w Lacki<\/b><\/span><\/span><\/span><\/h3>\n<h3><span style=\"font-family: Times New Roman, serif;\"><span style=\"font-size: medium;\"><span style=\"font-size: large;\"><b>ul. Polna 1<\/b><\/span><\/span><\/span><\/h3>\n<h3><\/h3>\n<h3><span style=\"font-family: Times New Roman, serif;\"><span style=\"font-size: medium;\"><b><span style=\"font-size: large;\"><u>na przelewie bankowym nale\u017cy napisa\u0107 <\/u><\/span><\/b><\/span><\/span><\/h3>\n<h3><span style=\"font-family: Times New Roman, serif;\"><span style=\"font-size: medium;\"><span style=\"font-size: large;\"><u>w <\/u><\/span><b><span style=\"font-size: large;\"><u>tytule p\u0142atno\u015bci<\/u><\/span><\/b><span style=\"font-size: large;\"><u> prosz\u0119 zaznaczy\u0107 <\/u><\/span><b><span style=\"color: #ff0000;\"><span style=\"font-size: large;\"><u>nazwisko i imi\u0119 dziecka za <\/u><\/span><\/span><\/b><\/span><\/span><\/h3>\n<h3><span style=\"font-family: Times New Roman, serif;\"><span style=\"font-size: medium;\"><b><span style=\"color: #ff0000;\"><span style=\"font-size: large;\"><u>kt\u00f3rego wnoszona jest op\u0142ata oraz miesi\u0105c za kt\u00f3ry rodzic p\u0142aci.<\/u><\/span><\/span><\/b><\/span><\/span><\/h3>\n<h3><\/h3>\n<h3><span style=\"font-family: Times New Roman, serif;\"><span style=\"font-size: medium;\"><b><span style=\"color: #ff0000;\"><span style=\"font-size: large;\"><u>Informujemy r\u00f3wnie\u017c, \u017ce wszystkie p\u0142atno\u015bci b\u0119d\u0105 dokonywane drog\u0105 elektroniczn\u0105 po wcze\u015bniejszym telefonicznym uzyskaniu informacji dotycz\u0105cej kwot nale\u017cnych do wp\u0142aty za ka\u017cde dziecko zar\u00f3wno za wy\u017cywienie jak i za pobyt w przedszkolu.<\/u><\/span><\/span><\/b><\/span><\/span><\/h3>\n<h3><span style=\"color: #ff0000;\"><span style=\"font-family: Times New Roman, serif;\"><span style=\"font-size: medium;\"><b><span style=\"font-size: large;\">\u00a0 \u00a0 \u00a0 \u00a0 \u00a0 \u00a0 \u00a0 \u00a0 \u00a0 \u00a0 \u00a0 \u00a0 \u00a0 \u00a0 \u00a0 \u00a0 \u00a0 \u00a0 \u00a0 \u00a0 \u00a0 \u00a0 \u00a0 \u00a0 \u00a0 \u00a0 \u00a0 \u00a0 \u00a0 \u00a0 \u00a0 \u00a0 \u00a0 \u00a0 \u00a0 \u00a0 \u00a0 \u00a0 \u00a0 \u00a0 \u00a0 \u00a0 \u00a0 \u00a0 \u00a0 \u00a0 \u00a0 \u00a0 \u00a0 \u00a0 \u00a0 \u00a0 \u00a0 \u00a0 \u00a0 \u00a0 \u00a0 \u00a0 \u00a0 \u00a0 \u00a0 \u00a0 \u00a0 \u00a0 \u00a0 \u00a0 \u00a0 \u00a0 \u00a0 \u00a0 \u00a0 \u00a0 \u00a0 \u00a0 \u00a0 \u00a0 \u00a0 Dzi\u0119kujemy<\/span><\/b><\/span><\/span><\/span><\/h3>\n","protected":false},"excerpt":{"rendered":"<p>Op\u0142ata za wy\u017cywienie: Nr konta\u00a0 27 9221 0000 0051 8954 2000 0030 Odbiorca: Szko\u0142a Podstawowa im. Stefana Kardyna\u0142a Wyszy\u0144skiego 08-330 Kos\u00f3w Lacki ul. Polna 1 w tytule p\u0142atno\u015bci prosz\u0119 zaznaczy\u0107 nazwisko i imi\u0119 dziecka za kt\u00f3rego wnoszona jest op\u0142ata oraz miesi\u0105c za kt\u00f3ry rodzic p\u0142aci. &nbsp; Op\u0142ata za pobyt dziecka w Przedszkolu Nr konta\u00a0 18&hellip; <br \/> <a class=\"read-more\" href=\"http:\/\/przedszkole.kosowlacki.pl\/wordpress\/informacja-dotyczaca-oplat-za-wyzywienie-i-godziny-pobytu-w-przedszkolu\/\">Read more<\/a><\/p>\n","protected":false},"author":2,"featured_media":0,"comment_status":"open","ping_status":"open","sticky":false,"template":"","format":"standard","meta":[],"categories":[11],"tags":[],"_links":{"self":[{"href":"http:\/\/przedszkole.kosowlacki.pl\/wordpress\/wp-json\/wp\/v2\/posts\/2900"}],"collection":[{"href":"http:\/\/przedszkole.kosowlacki.pl\/wordpress\/wp-json\/wp\/v2\/posts"}],"about":[{"href":"http:\/\/przedszkole.kosowlacki.pl\/wordpress\/wp-json\/wp\/v2\/types\/post"}],"author":[{"embeddable":true,"href":"http:\/\/przedszkole.kosowlacki.pl\/wordpress\/wp-json\/wp\/v2\/users\/2"}],"replies":[{"embeddable":true,"href":"http:\/\/przedszkole.kosowlacki.pl\/wordpress\/wp-json\/wp\/v2\/comments?post=2900"}],"version-history":[{"count":5,"href":"http:\/\/przedszkole.kosowlacki.pl\/wordpress\/wp-json\/wp\/v2\/posts\/2900\/revisions"}],"predecessor-version":[{"id":2905,"href":"http:\/\/przedszkole.kosowlacki.pl\/wordpress\/wp-json\/wp\/v2\/posts\/2900\/revisions\/2905"}],"wp:attachment":[{"href":"http:\/\/przedszkole.kosowlacki.pl\/wordpress\/wp-json\/wp\/v2\/media?parent=2900"}],"wp:term":[{"taxonomy":"category","embeddable":true,"href":"http:\/\/przedszkole.kosowlacki.pl\/wordpress\/wp-json\/wp\/v2\/categories?post=2900"},{"taxonomy":"post_tag","embeddable":true,"href":"http:\/\/przedszkole.kosowlacki.pl\/wordpress\/wp-json\/wp\/v2\/tags?post=2900"}],"curies":[{"name":"wp","href":"https:\/\/api.w.org\/{rel}","templated":true}]}}