{"id":2896,"date":"2020-09-08T13:10:59","date_gmt":"2020-09-08T11:10:59","guid":{"rendered":"http:\/\/przedszkole.kosowlacki.pl\/wordpress\/?p=2896"},"modified":"2020-09-08T13:10:59","modified_gmt":"2020-09-08T11:10:59","slug":"pismo-dotyczace-zaswiadczen-lekarskich","status":"publish","type":"post","link":"http:\/\/przedszkole.kosowlacki.pl\/wordpress\/pismo-dotyczace-zaswiadczen-lekarskich\/","title":{"rendered":"PISMO DOTYCZ\u0104CE ZA\u015aWIADCZE\u0143 LEKARSKICH"},"content":{"rendered":"<p align=\"right\">\n<p align=\"center\"><span style=\"font-family: Cambria, serif;\"><span style=\"font-size: x-large;\">MINISTER EDUKACJI NARODOWEJ<\/span><\/span><\/p>\n<p align=\"right\">\n<p class=\"western\" align=\"right\"><a name=\"ezdDataPodpisu\"><\/a> <span style=\"font-family: Century Gothic, serif;\">Warszawa, 04 wrze\u015bnia 2020 r.<\/span><\/p>\n<p><a name=\"ezdSprawaZnak\"><\/a><a name=\"ezdAutorInicjaly\"><\/a> <span style=\"font-family: Century Gothic, serif;\">DWKI-WPB.513.410.2020.BN<\/span><\/p>\n<p><span style=\"font-family: Century Gothic, serif;\">\u00a0 \u00a0 \u00a0 \u00a0 \u00a0 \u00a0 \u00a0 \u00a0 \u00a0 \u00a0 \u00a0 \u00a0 \u00a0 \u00a0 \u00a0 \u00a0 \u00a0 \u00a0 \u00a0 \u00a0 \u00a0 \u00a0 \u00a0 \u00a0 \u00a0 \u00a0 \u00a0 \u00a0 \u00a0 \u00a0 \u00a0 \u00a0 \u00a0 \u00a0 \u00a0 \u00a0 \u00a0 \u00a0 \u00a0 \u00a0 \u00a0 \u00a0 \u00a0 \u00a0 \u00a0 \u00a0 \u00a0 \u00a0 \u00a0 \u00a0 \u00a0 \u00a0 \u00a0 \u00a0 \u00a0 \u00a0 \u00a0 \u00a0 \u00a0 \u00a0 \u00a0 \u00a0 \u00a0 \u00a0 \u00a0 \u00a0 \u00a0 \u00a0 \u00a0 \u00a0 \u00a0 \u00a0 \u00a0 \u00a0 \u00a0 \u00a0 \u00a0 \u00a0 \u00a0 \u00a0 \u00a0 \u00a0Sz. P. <\/span><\/p>\n<p><span style=\"font-family: Century Gothic, serif;\">\u00a0 \u00a0 \u00a0 \u00a0 \u00a0 \u00a0 \u00a0 \u00a0 \u00a0 \u00a0 \u00a0 \u00a0 \u00a0 \u00a0 \u00a0 \u00a0 \u00a0 \u00a0 \u00a0 \u00a0 \u00a0 \u00a0 \u00a0 \u00a0 \u00a0 \u00a0 \u00a0 \u00a0 \u00a0 \u00a0 \u00a0 \u00a0 \u00a0 \u00a0 \u00a0 \u00a0 \u00a0 \u00a0 \u00a0 \u00a0 \u00a0 \u00a0 \u00a0 \u00a0 \u00a0 \u00a0 \u00a0 \u00a0 \u00a0 \u00a0 \u00a0 \u00a0 \u00a0 \u00a0 \u00a0 \u00a0 \u00a0 \u00a0 \u00a0 \u00a0 \u00a0 \u00a0 \u00a0 \u00a0 \u00a0 \u00a0 \u00a0 \u00a0 \u00a0 \u00a0 \u00a0 \u00a0 \u00a0 \u00a0 \u00a0 \u00a0 \u00a0 \u00a0Kuratorzy O\u015bwiaty<\/span><\/p>\n<p><span style=\"font-family: Century Gothic, serif;\">\u00a0 \u00a0 \u00a0 \u00a0 \u00a0 \u00a0 \u00a0 \u00a0 \u00a0 \u00a0 \u00a0 \u00a0 \u00a0 \u00a0 \u00a0 \u00a0 \u00a0 \u00a0 \u00a0 \u00a0 \u00a0 \u00a0 \u00a0 \u00a0 \u00a0 \u00a0 \u00a0 \u00a0 \u00a0 \u00a0 \u00a0 \u00a0 \u00a0 \u00a0 \u00a0 \u00a0 \u00a0 \u00a0 \u00a0 \u00a0 \u00a0 \u00a0 \u00a0 \u00a0 \u00a0 \u00a0 \u00a0 \u00a0 \u00a0 \u00a0 \u00a0 \u00a0 \u00a0 \u00a0 \u00a0 \u00a0 \u00a0 \u00a0 \u00a0 \u00a0 \u00a0 \u00a0 \u00a0 \u00a0 \u00a0 \u00a0 \u00a0 \u00a0 \u00a0 \u00a0 \u00a0 \u00a0 \u00a0 \u00a0 \u00a0 \u00a0 \u00a0 \u00a0 \u00a0 \u00a0 \u00a0 wszyscy<\/span><\/p>\n<p><span style=\"font-family: Century Gothic, serif;\"><i>Szanowni Pa\u0144stwo Kuratorzy,<\/i><\/span><\/p>\n<p align=\"justify\"><span style=\"font-family: Century Gothic, serif;\">uprzejmie informuj\u0119, \u017ce do Ministerstwa Edukacji Narodowej<br \/>\noraz Ministerstwa Zdrowia wp\u0142ywaj\u0105 sygna\u0142y w zwi\u0105zku z problemami dotycz\u0105cymi wydawania rodzicom za\u015bwiadcze\u0144 potwierdzaj\u0105cych brak zaka\u017cenia dziecka wirusem COVID-19. <\/span><\/p>\n<p align=\"justify\"><span style=\"font-family: Century Gothic, serif;\">W zwi\u0105zku z powy\u017cszym, zwracam si\u0119 z uprzejm\u0105 pro\u015bb\u0105<br \/>\no upowszechnienie poni\u017cszych informacji w\u015br\u00f3d szk\u00f3\u0142 i plac\u00f3wek o\u015bwiatowych na terenie Pa\u0144stwa wojew\u00f3dztwa, kt\u00f3re wyja\u015bni\u0105 pojawiaj\u0105ce si\u0119 w\u0105tpliwo\u015bci w przedmiotowym zakresie.<\/span><\/p>\n<p align=\"justify\"><span style=\"font-family: Century Gothic, serif;\">Rodzice dzieci, u kt\u00f3rych wyst\u0119puj\u0105 objawy takie jak: kaszel czy kichanie zg\u0142aszaj\u0105 si\u0119 do lekarzy podstawowej opieki zdrowotnej w celu wydania za\u015bwiadczenia, kt\u00f3re ma s\u0142u\u017cy\u0107 dopuszczeniu dziecka do zaj\u0119\u0107 w \u017c\u0142obku, przedszkolu czy szkole lub po\u015bwiadcza\u0107, \u017ce wyst\u0119puj\u0105ce<br \/>\nu dziecka objawy nie s\u0105 wynikiem zaka\u017cenia wirusem SARS-CoV-2,<br \/>\nlecz przewlek\u0142ej choroby uk\u0142adu oddechowego. <\/span><\/p>\n<p align=\"justify\"><span style=\"font-family: Century Gothic, serif;\">B\u0119d\u0119 wdzi\u0119czna za zamieszczenie informacji, zawieraj\u0105cych propozycj\u0119 rozwi\u0105za\u0144 &#8211; na stronach internetowych kuratori\u00f3w o\u015bwiaty:<\/span><\/p>\n<p align=\"justify\"><span style=\"font-family: Century Gothic, serif;\">&#8211; niezasadnym jest wymaganie potwierdzenia braku zaka\u017cenia wirusem SARS-CoV-2 u dzieci bezobjawowych lub z katarem. Nale\u017cy pami\u0119ta\u0107, <\/span><\/p>\n<p align=\"justify\"><span style=\"font-family: Century Gothic, serif;\">\u017ce decyzja o skierowaniu danej osoby na badanie w kierunku obecno\u015bci wirusa SARS-CoV-2 pozostaje w kompetencjach lekarzy zlecaj\u0105cych badanie, przy uwzgl\u0119dnieniu przes\u0142anek klinicznych oraz aktualnych wytycznych i rekomendacji dotycz\u0105cych sytuacji, w kt\u00f3rych wykonanie testu na obecno\u015b\u0107 genomu wirusa SARS-CoV-2 uznaje si\u0119 za zasadne.<br \/>\nNa potrzeby nadzoru nad zaka\u017ceniami ludzi nowym koronawirusem COVID-19 G\u0142\u00f3wny Inspektor Sanitarny okre\u015bla definicj\u0119 przypadku,<br \/>\nw kt\u00f3rej ustala kryteria min. kliniczne i epidemiologiczne wskazuj\u0105ce<br \/>\nna potrzeb\u0119 przeprowadzenia diagnostyki laboratoryjnej;<\/span><\/p>\n<p align=\"justify\"><span style=\"font-family: Century Gothic, serif;\">&#8211; w przypadku kiedy w szkole\/przedszkolu pojawia si\u0119 dziecko z objawami charakterystycznymi dla alergii w postaci kataru siennego (objawiaj\u0105cego si\u0119 m.in. kichaniem, wyciekaniem z nosa wodnistej wydzieliny, \u0142zawieniem oczu) nale\u017cy honorowa\u0107 za\u015bwiadczenie lekarskie potwierdzaj\u0105ce alergi\u0119 u dziecka;<\/span><\/p>\n<p align=\"justify\"><span style=\"font-family: Century Gothic, serif;\">&#8211; w przypadku, kiedy w szkole pojawia si\u0119 dziecko z za\u015bwiadczeniem<br \/>\nod lekarza, i\u017c jest zdrowe i mo\u017ce ucz\u0119szcza\u0107 na zaj\u0119cia, nale\u017cy takie za\u015bwiadczenie honorowa\u0107. Lekarz, na podstawie wywiadu oraz badania przedmiotowego i podmiotowego dziecka, posiada kompetencje,<br \/>\naby dokona\u0107 rzetelnej oceny jego stanu zdrowia.<\/span><\/p>\n<p align=\"right\"><span style=\"font-family: Century Gothic, serif;\"><i>Z wyrazami szacunku<\/i><\/span><\/p>\n<p align=\"center\"><span style=\"font-family: Century Gothic, serif;\"><span style=\"font-size: small;\">Z upowa\u017cnienia<\/span><\/span><\/p>\n<p align=\"center\"><a name=\"ezdPracownikNazwa\"><\/a> <span style=\"color: #000000;\"><span style=\"font-family: Century Gothic, serif;\"><span style=\"font-size: small;\">Marzena Macha\u0142ek<\/span><\/span><\/span><\/p>\n<p align=\"center\"><a name=\"ezdPracownikStanowisko\"><\/a> <span style=\"color: #000000;\"><span style=\"font-family: Century Gothic, serif;\"><span style=\"font-size: small;\">Sekretarz Stanu<br \/>\n\/ \u2013 podpisany cyfrowo\/<\/span><\/span><\/span><\/p>\n<p align=\"center\"><span id=\"Ramka1\" dir=\"ltr\"><\/span><span style=\"font-family: Century Gothic, serif;\">MINISTRA EDUKACJI NARODOWEJ<\/span><\/p>\n","protected":false},"excerpt":{"rendered":"<p>MINISTER EDUKACJI NARODOWEJ Warszawa, 04 wrze\u015bnia 2020 r. DWKI-WPB.513.410.2020.BN \u00a0 \u00a0 \u00a0 \u00a0 \u00a0 \u00a0 \u00a0 \u00a0 \u00a0 \u00a0 \u00a0 \u00a0 \u00a0 \u00a0 \u00a0 \u00a0 \u00a0 \u00a0 \u00a0 \u00a0 \u00a0 \u00a0 \u00a0 \u00a0 \u00a0 \u00a0 \u00a0 \u00a0 \u00a0 \u00a0 \u00a0 \u00a0 \u00a0 \u00a0 \u00a0 \u00a0 \u00a0 \u00a0 \u00a0 \u00a0 \u00a0 \u00a0 \u00a0 \u00a0 \u00a0 \u00a0&hellip; <br \/> <a class=\"read-more\" href=\"http:\/\/przedszkole.kosowlacki.pl\/wordpress\/pismo-dotyczace-zaswiadczen-lekarskich\/\">Read more<\/a><\/p>\n","protected":false},"author":2,"featured_media":0,"comment_status":"open","ping_status":"open","sticky":false,"template":"","format":"standard","meta":[],"categories":[11],"tags":[],"_links":{"self":[{"href":"http:\/\/przedszkole.kosowlacki.pl\/wordpress\/wp-json\/wp\/v2\/posts\/2896"}],"collection":[{"href":"http:\/\/przedszkole.kosowlacki.pl\/wordpress\/wp-json\/wp\/v2\/posts"}],"about":[{"href":"http:\/\/przedszkole.kosowlacki.pl\/wordpress\/wp-json\/wp\/v2\/types\/post"}],"author":[{"embeddable":true,"href":"http:\/\/przedszkole.kosowlacki.pl\/wordpress\/wp-json\/wp\/v2\/users\/2"}],"replies":[{"embeddable":true,"href":"http:\/\/przedszkole.kosowlacki.pl\/wordpress\/wp-json\/wp\/v2\/comments?post=2896"}],"version-history":[{"count":1,"href":"http:\/\/przedszkole.kosowlacki.pl\/wordpress\/wp-json\/wp\/v2\/posts\/2896\/revisions"}],"predecessor-version":[{"id":2897,"href":"http:\/\/przedszkole.kosowlacki.pl\/wordpress\/wp-json\/wp\/v2\/posts\/2896\/revisions\/2897"}],"wp:attachment":[{"href":"http:\/\/przedszkole.kosowlacki.pl\/wordpress\/wp-json\/wp\/v2\/media?parent=2896"}],"wp:term":[{"taxonomy":"category","embeddable":true,"href":"http:\/\/przedszkole.kosowlacki.pl\/wordpress\/wp-json\/wp\/v2\/categories?post=2896"},{"taxonomy":"post_tag","embeddable":true,"href":"http:\/\/przedszkole.kosowlacki.pl\/wordpress\/wp-json\/wp\/v2\/tags?post=2896"}],"curies":[{"name":"wp","href":"https:\/\/api.w.org\/{rel}","templated":true}]}}