{"id":2891,"date":"2020-09-08T12:49:43","date_gmt":"2020-09-08T10:49:43","guid":{"rendered":"http:\/\/przedszkole.kosowlacki.pl\/wordpress\/?p=2891"},"modified":"2020-09-08T12:51:10","modified_gmt":"2020-09-08T10:51:10","slug":"klauzula-informacyjna","status":"publish","type":"post","link":"http:\/\/przedszkole.kosowlacki.pl\/wordpress\/klauzula-informacyjna\/","title":{"rendered":"KLAUZULA INFORMACYJNA"},"content":{"rendered":"<h4 align=\"center\"><span style=\"font-family: Times New Roman, serif;\"><span style=\"font-size: medium;\"><b>Klauzula informacyjna dotycz\u0105ca przetwarzania danych osobowych w zwi\u0105zku<br \/>\nz panuj\u0105c\u0105 pandemi\u0105 koronowirusa<\/b><\/span><\/span><\/h4>\n<h4 align=\"justify\"><span style=\"font-family: Times New Roman, serif;\"><span style=\"font-size: medium;\">W zwi\u0105zku z realizacj\u0105 postanowie\u0144 Rozporz\u0105dzenia Parlamentu Europejskiego<br \/>\ni Rady (UE) 2016\/679 z dnia 27 kwietnia 2016 r. w sprawie ochrony os\u00f3b fizycznych w zwi\u0105zku z przetwarzaniem danych osobowych i w sprawie swobodnego przep\u0142ywu takich danych oraz uchylenia dyrektywy 95\/46\/WE (og\u00f3lne rozporz\u0105dzenie o ochronie danych), dalej \u201eRODO\u201d, informujemy \u017ce<\/span><\/span><span style=\"font-family: Times New Roman, serif;\"><span style=\"font-size: medium;\">: <\/span><\/span><\/h4>\n<ol>\n<li>\n<h4 align=\"justify\"><span style=\"font-family: Times New Roman, serif;\"><span style=\"font-size: medium;\">Administratorem Pani\/Pana danych osobowych jest <\/span><\/span><span style=\"color: #000000;\"><span style=\"font-family: Times New Roman, serif;\"><span style=\"font-size: medium;\">Gminne Przedszkole<br \/>\nw Kosowie Lackim reprezentowane przez Dyrektora, ul. Polna 1, 08-330 Kos\u00f3w Lacki.<\/span><\/span><\/span><\/h4>\n<\/li>\n<li>\n<h4 align=\"justify\"><span style=\"font-family: Times New Roman, serif;\"><span style=\"font-size: medium;\">Administrator danych osobowych wyznaczy\u0142 inspektora ochrony danych, kt\u00f3ry jest dost\u0119pny pod adresem e-mail: <\/span><\/span><span style=\"color: #0563c1;\"><u><a href=\"mailto:inspektor.rodo@naticom.pl\"><span style=\"color: #000000;\"><span style=\"font-family: Times New Roman, serif;\"><span style=\"font-size: medium;\">inspektor.rodo@naticom.pl<\/span><\/span><\/span><\/a><\/u><\/span><\/h4>\n<\/li>\n<li>\n<h4 align=\"justify\"><span style=\"font-family: Times New Roman, serif;\"><span style=\"font-size: medium;\">Dane osobowe wychowank\u00f3w b\u0119d\u0105 przetwarzane na podstawie art. 6 ust. 1<br \/>\nlit. d) RODO w zw. z art. 9 ust. 2 lit. a), g) i i) RODO. Dane os\u00f3b odwiedzaj\u0105cych b\u0119d\u0105 przetwarzane na podstawie art. 6 ust. 1 lit. d) RODO<br \/>\nw zw. z art. 9 ust. 1 lit. g) i i) RODO. Celem przetwarzania jest ochrona \u017cycia<br \/>\ni zdrowia wychowank\u00f3w oraz pracownik\u00f3w Gminnego Przedszkola<br \/>\nw Kosowie Lackim, a tak\u017ce podj\u0119cie czynno\u015bci zapobiegawczych i kontrolnych zwi\u0105zanych z przeciwdzia\u0142aniem COVID \u2013 19.<\/span><\/span><\/h4>\n<\/li>\n<li>\n<h4 align=\"justify\"><span style=\"font-family: Times New Roman, serif;\"><span style=\"font-size: medium;\">Administrator mo\u017ce przekaza\u0107 dane osobowe innym podmiotom lub instytucjom. Odbiorc\u0105 Pani\/Pana danych mog\u0105 by\u0107 w szczeg\u00f3lno\u015bci s\u0142u\u017cby inspekcji sanitarnej.<\/span><\/span><\/h4>\n<\/li>\n<li>\n<h4 align=\"justify\"><span style=\"font-family: Times New Roman, serif;\"><span style=\"font-size: medium;\">Dane osobowe przetwarzane przez Administratora b\u0119d\u0105 przechowywane nie d\u0142u\u017cej ni\u017c przez czas trwania na obszarze Rzeczypospolitej Polskiej stanu zagro\u017cenia epidemicznego albo stanu epidemii, chyba \u017ce inny termin wynika\u0142 b\u0119dzie z przepis\u00f3w szczeg\u00f3lnych.<\/span><\/span><\/h4>\n<\/li>\n<li>\n<h4 align=\"justify\"><span style=\"font-family: Times New Roman, serif;\"><span style=\"font-size: medium;\">Przys\u0142uguje Pani\/Panu prawo: dost\u0119pu do danych osobowych, ich sprostowania oraz ograniczenia przetwarzania. W zakresie wyra\u017conej zgody przys\u0142uguje Pani\/Panu prawo do jej wycofania w dowolnym momencie bez wp\u0142ywu na zgodno\u015b\u0107 z prawem przetwarzania, kt\u00f3rego dokonano przed jej wycofaniem.<\/span><\/span><\/h4>\n<\/li>\n<li>\n<h4 align=\"justify\"><span style=\"font-family: Times New Roman, serif;\"><span style=\"font-size: medium;\">Przys\u0142uguje Pani\/Panu prawo wniesienia skargi do Prezesa Urz\u0119du Ochrony Danych Osobowych na niezgodne z prawem przetwarzanie Pani\/Pana danych osobowych.<\/span><\/span><\/h4>\n<\/li>\n<li>\n<h4 align=\"justify\"><span style=\"font-family: Times New Roman, serif;\"><span style=\"font-size: medium;\">Podanie danych osobowych jest przez Pa\u0144stwa dobrowolne, ale konieczne do zapewnienia bezpiecze\u0144stwa w plac\u00f3wce. Odmowa podania danych mo\u017ce skutkowa\u0107 brakiem mo\u017cliwo\u015bci wst\u0119pu do plac\u00f3wki.<\/span><\/span><\/h4>\n<\/li>\n<li>\n<h4 align=\"justify\"><span style=\"font-family: Times New Roman, serif;\"><span style=\"font-size: medium;\">Decyzje w Pani\/Pana sprawie nie b\u0119d\u0105 podejmowane w spos\u00f3b zautomatyzowany, w tym w formie profilowania, a tak\u017ce nie b\u0119d\u0105 przekazywane do pa\u0144stwa trzeciego oraz organizacji mi\u0119dzynarodowej.<\/span><\/span><\/h4>\n<\/li>\n<\/ol>\n","protected":false},"excerpt":{"rendered":"<p>Klauzula informacyjna dotycz\u0105ca przetwarzania danych osobowych w zwi\u0105zku z panuj\u0105c\u0105 pandemi\u0105 koronowirusa W zwi\u0105zku z realizacj\u0105 postanowie\u0144 Rozporz\u0105dzenia Parlamentu Europejskiego i Rady (UE) 2016\/679 z dnia 27 kwietnia 2016 r. w sprawie ochrony os\u00f3b fizycznych w zwi\u0105zku z przetwarzaniem danych osobowych i w sprawie swobodnego przep\u0142ywu takich danych oraz uchylenia dyrektywy 95\/46\/WE (og\u00f3lne rozporz\u0105dzenie o&hellip; <br \/> <a class=\"read-more\" href=\"http:\/\/przedszkole.kosowlacki.pl\/wordpress\/klauzula-informacyjna\/\">Read more<\/a><\/p>\n","protected":false},"author":2,"featured_media":0,"comment_status":"open","ping_status":"open","sticky":false,"template":"","format":"standard","meta":[],"categories":[11],"tags":[],"_links":{"self":[{"href":"http:\/\/przedszkole.kosowlacki.pl\/wordpress\/wp-json\/wp\/v2\/posts\/2891"}],"collection":[{"href":"http:\/\/przedszkole.kosowlacki.pl\/wordpress\/wp-json\/wp\/v2\/posts"}],"about":[{"href":"http:\/\/przedszkole.kosowlacki.pl\/wordpress\/wp-json\/wp\/v2\/types\/post"}],"author":[{"embeddable":true,"href":"http:\/\/przedszkole.kosowlacki.pl\/wordpress\/wp-json\/wp\/v2\/users\/2"}],"replies":[{"embeddable":true,"href":"http:\/\/przedszkole.kosowlacki.pl\/wordpress\/wp-json\/wp\/v2\/comments?post=2891"}],"version-history":[{"count":2,"href":"http:\/\/przedszkole.kosowlacki.pl\/wordpress\/wp-json\/wp\/v2\/posts\/2891\/revisions"}],"predecessor-version":[{"id":2894,"href":"http:\/\/przedszkole.kosowlacki.pl\/wordpress\/wp-json\/wp\/v2\/posts\/2891\/revisions\/2894"}],"wp:attachment":[{"href":"http:\/\/przedszkole.kosowlacki.pl\/wordpress\/wp-json\/wp\/v2\/media?parent=2891"}],"wp:term":[{"taxonomy":"category","embeddable":true,"href":"http:\/\/przedszkole.kosowlacki.pl\/wordpress\/wp-json\/wp\/v2\/categories?post=2891"},{"taxonomy":"post_tag","embeddable":true,"href":"http:\/\/przedszkole.kosowlacki.pl\/wordpress\/wp-json\/wp\/v2\/tags?post=2891"}],"curies":[{"name":"wp","href":"https:\/\/api.w.org\/{rel}","templated":true}]}}