{"id":23181,"date":"2025-12-04T18:53:36","date_gmt":"2025-12-04T17:53:36","guid":{"rendered":"http:\/\/przedszkole.kosowlacki.pl\/wordpress\/?p=23181"},"modified":"2025-12-04T18:53:36","modified_gmt":"2025-12-04T17:53:36","slug":"dorosli-czytaja-dzieci-sluchaja-wizyta-pan-z-biblioteki","status":"publish","type":"post","link":"http:\/\/przedszkole.kosowlacki.pl\/wordpress\/dorosli-czytaja-dzieci-sluchaja-wizyta-pan-z-biblioteki\/","title":{"rendered":"\u201eDoro\u015bli czytaj\u0105, dzieci s\u0142uchaj\u0105\u201d \u2013 wizyta Pa\u0144 z Biblioteki"},"content":{"rendered":"<p>W ramach akcji &#8222;Doro\u015bli czytaj\u0105, dzieci s\u0142uchaj\u0105&#8221;, 3 grudnia nasz\u0105 grup\u0119 5-latk\u00f3w &#8222;Dinusi\u00f3w&#8221; odwiedzi\u0142y Panie z Miejsko-Gminnej Biblioteki Publicznej w Kosowie Lackim. Przeczyta\u0142y dzieciom ksi\u0105\u017ck\u0119 oraz wsp\u00f3lnie z przedszkolakami wykona\u0142y \u015bwi\u0105teczn\u0105 prace plastyczn\u0105- dekorowanie choinki. Dzieci z du\u017cym zaanga\u017cowaniem uczestniczy\u0142y zar\u00f3wno w s\u0142uchaniu opowiadania, jak i w tw\u00f3rczych dzia\u0142aniach. Celem spotkania by\u0142o rozwijanie zainteresowa\u0144 czytelniczych oraz kszta\u0142towanie pozytywnego kontaktu z ksi\u0105\u017ck\u0105.<br \/>\nSerdecznie dzi\u0119kujemy!\ud83d\ude0a<\/p>\n<p style=\"text-align: right;\">P.Osipiak<\/p>\n","protected":false},"excerpt":{"rendered":"<p>W ramach akcji &#8222;Doro\u015bli czytaj\u0105, dzieci s\u0142uchaj\u0105&#8221;, 3 grudnia nasz\u0105 grup\u0119 5-latk\u00f3w &#8222;Dinusi\u00f3w&#8221; odwiedzi\u0142y Panie z Miejsko-Gminnej Biblioteki Publicznej w Kosowie Lackim. Przeczyta\u0142y dzieciom ksi\u0105\u017ck\u0119 oraz wsp\u00f3lnie z przedszkolakami wykona\u0142y \u015bwi\u0105teczn\u0105 prace plastyczn\u0105- dekorowanie choinki. Dzieci z du\u017cym zaanga\u017cowaniem uczestniczy\u0142y zar\u00f3wno w s\u0142uchaniu opowiadania, jak i w tw\u00f3rczych dzia\u0142aniach. Celem spotkania by\u0142o rozwijanie zainteresowa\u0144 czytelniczych&hellip; <br \/> <a class=\"read-more\" href=\"http:\/\/przedszkole.kosowlacki.pl\/wordpress\/dorosli-czytaja-dzieci-sluchaja-wizyta-pan-z-biblioteki\/\">Read more<\/a><\/p>\n","protected":false},"author":9,"featured_media":0,"comment_status":"open","ping_status":"open","sticky":false,"template":"","format":"standard","meta":[],"categories":[10],"tags":[],"_links":{"self":[{"href":"http:\/\/przedszkole.kosowlacki.pl\/wordpress\/wp-json\/wp\/v2\/posts\/23181"}],"collection":[{"href":"http:\/\/przedszkole.kosowlacki.pl\/wordpress\/wp-json\/wp\/v2\/posts"}],"about":[{"href":"http:\/\/przedszkole.kosowlacki.pl\/wordpress\/wp-json\/wp\/v2\/types\/post"}],"author":[{"embeddable":true,"href":"http:\/\/przedszkole.kosowlacki.pl\/wordpress\/wp-json\/wp\/v2\/users\/9"}],"replies":[{"embeddable":true,"href":"http:\/\/przedszkole.kosowlacki.pl\/wordpress\/wp-json\/wp\/v2\/comments?post=23181"}],"version-history":[{"count":1,"href":"http:\/\/przedszkole.kosowlacki.pl\/wordpress\/wp-json\/wp\/v2\/posts\/23181\/revisions"}],"predecessor-version":[{"id":23182,"href":"http:\/\/przedszkole.kosowlacki.pl\/wordpress\/wp-json\/wp\/v2\/posts\/23181\/revisions\/23182"}],"wp:attachment":[{"href":"http:\/\/przedszkole.kosowlacki.pl\/wordpress\/wp-json\/wp\/v2\/media?parent=23181"}],"wp:term":[{"taxonomy":"category","embeddable":true,"href":"http:\/\/przedszkole.kosowlacki.pl\/wordpress\/wp-json\/wp\/v2\/categories?post=23181"},{"taxonomy":"post_tag","embeddable":true,"href":"http:\/\/przedszkole.kosowlacki.pl\/wordpress\/wp-json\/wp\/v2\/tags?post=23181"}],"curies":[{"name":"wp","href":"https:\/\/api.w.org\/{rel}","templated":true}]}}