{"id":23174,"date":"2025-12-02T11:26:43","date_gmt":"2025-12-02T10:26:43","guid":{"rendered":"http:\/\/przedszkole.kosowlacki.pl\/wordpress\/?p=23174"},"modified":"2025-12-02T11:30:24","modified_gmt":"2025-12-02T10:30:24","slug":"mikolaj-w-przedszkolu-4","status":"publish","type":"post","link":"http:\/\/przedszkole.kosowlacki.pl\/wordpress\/mikolaj-w-przedszkolu-4\/","title":{"rendered":"Miko\u0142aj w przedszkolu"},"content":{"rendered":"<h3 style=\"text-align: center;\"><span style=\"color: #ff0000;\">8 grudnia<\/span> (poniedzia\u0142ek) nasze przedszkole odwiedzi <span style=\"color: #ff0000;\">\u015aWI\u0118TY MIKO\u0141AJ<\/span>. Prosimy, aby dzieci w tym dniu w miar\u0119 mo\u017cliwo\u015bci przysz\u0142y ubrane do przedszkola na czerwono oraz przynios\u0142y\u00a0 \u00a0 \u00a0 \u00a0 \u00a0<span style=\"color: #ff0000;\">CZAPK\u0118 MIKO\u0141AJOW\u0104 .<\/span><\/h3>\n<p><img loading=\"lazy\" class=\"wp-image-23175 aligncenter\" src=\"http:\/\/przedszkole.kosowlacki.pl\/wordpress\/wp-content\/uploads\/2025\/12\/MIKOLAJ-1.jpg\" alt=\"\" width=\"353\" height=\"353\" srcset=\"http:\/\/przedszkole.kosowlacki.pl\/wordpress\/wp-content\/uploads\/2025\/12\/MIKOLAJ-1.jpg 612w, http:\/\/przedszkole.kosowlacki.pl\/wordpress\/wp-content\/uploads\/2025\/12\/MIKOLAJ-1-300x300.jpg 300w, http:\/\/przedszkole.kosowlacki.pl\/wordpress\/wp-content\/uploads\/2025\/12\/MIKOLAJ-1-150x150.jpg 150w\" sizes=\"(max-width: 353px) 100vw, 353px\" \/><\/p>\n","protected":false},"excerpt":{"rendered":"<p>8 grudnia (poniedzia\u0142ek) nasze przedszkole odwiedzi \u015aWI\u0118TY MIKO\u0141AJ. Prosimy, aby dzieci w tym dniu w miar\u0119 mo\u017cliwo\u015bci przysz\u0142y ubrane do przedszkola na czerwono oraz przynios\u0142y\u00a0 \u00a0 \u00a0 \u00a0 \u00a0CZAPK\u0118 MIKO\u0141AJOW\u0104 .<\/p>\n","protected":false},"author":2,"featured_media":0,"comment_status":"open","ping_status":"open","sticky":false,"template":"","format":"standard","meta":[],"categories":[11],"tags":[],"_links":{"self":[{"href":"http:\/\/przedszkole.kosowlacki.pl\/wordpress\/wp-json\/wp\/v2\/posts\/23174"}],"collection":[{"href":"http:\/\/przedszkole.kosowlacki.pl\/wordpress\/wp-json\/wp\/v2\/posts"}],"about":[{"href":"http:\/\/przedszkole.kosowlacki.pl\/wordpress\/wp-json\/wp\/v2\/types\/post"}],"author":[{"embeddable":true,"href":"http:\/\/przedszkole.kosowlacki.pl\/wordpress\/wp-json\/wp\/v2\/users\/2"}],"replies":[{"embeddable":true,"href":"http:\/\/przedszkole.kosowlacki.pl\/wordpress\/wp-json\/wp\/v2\/comments?post=23174"}],"version-history":[{"count":4,"href":"http:\/\/przedszkole.kosowlacki.pl\/wordpress\/wp-json\/wp\/v2\/posts\/23174\/revisions"}],"predecessor-version":[{"id":23179,"href":"http:\/\/przedszkole.kosowlacki.pl\/wordpress\/wp-json\/wp\/v2\/posts\/23174\/revisions\/23179"}],"wp:attachment":[{"href":"http:\/\/przedszkole.kosowlacki.pl\/wordpress\/wp-json\/wp\/v2\/media?parent=23174"}],"wp:term":[{"taxonomy":"category","embeddable":true,"href":"http:\/\/przedszkole.kosowlacki.pl\/wordpress\/wp-json\/wp\/v2\/categories?post=23174"},{"taxonomy":"post_tag","embeddable":true,"href":"http:\/\/przedszkole.kosowlacki.pl\/wordpress\/wp-json\/wp\/v2\/tags?post=23174"}],"curies":[{"name":"wp","href":"https:\/\/api.w.org\/{rel}","templated":true}]}}