{"id":22405,"date":"2025-09-24T10:31:17","date_gmt":"2025-09-24T08:31:17","guid":{"rendered":"http:\/\/przedszkole.kosowlacki.pl\/wordpress\/?p=22405"},"modified":"2025-09-24T10:31:17","modified_gmt":"2025-09-24T08:31:17","slug":"pierwszy-dzien-jesieni-6","status":"publish","type":"post","link":"http:\/\/przedszkole.kosowlacki.pl\/wordpress\/pierwszy-dzien-jesieni-6\/","title":{"rendered":"Pierwszy Dzie\u0144 Jesieni"},"content":{"rendered":"<p style=\"text-align: center;\">23 wrze\u015bnia w naszym przedszkolu powitali\u015bmy Pierwszy Dzie\u0144 Jesieni! Z tej okazji dzieci uczestniczy\u0142y w zaj\u0119ciach tematycznych, podczas kt\u00f3rych poznawa\u0142y jesienne dary natury &#8211; takie jak : kasztany, \u017co\u0142\u0119dzie, kolorowe li\u015bcie, jarz\u0119bin\u0119 oraz dynie. Rozmawiali\u015bmy r\u00f3wnie\u017c o kolorach jesieni- dzieci z \u0142atwo\u015bci\u0105 wskazywa\u0142y barwy kt\u00f3re kojarz\u0105 im si\u0119 z t\u0105 por\u0105 roku: pomara\u0144czowy, \u017c\u00f3\u0142ty, czerwony. Wsp\u00f3lnie wykonali\u015bmy jesienne prace plastyczne. Zorganizowali\u015bmy tak\u017ce jesienny spacer, podczas kt\u00f3rego dzieci obserwowa\u0142y zmiany zachodz\u0105ce w przyrodzie. <span style=\"background-color: transparent;\">By\u0142 to radosny i pe\u0142en wra\u017ce\u0144 dzie\u0144, kt\u00f3ry wprowadzi\u0142 nas w pi\u0119kny kolorowy czas jesieni!<\/span><\/p>\n<p style=\"text-align: right;\">\u00a0E. Siniakowska<\/p>\n","protected":false},"excerpt":{"rendered":"<p>23 wrze\u015bnia w naszym przedszkolu powitali\u015bmy Pierwszy Dzie\u0144 Jesieni! Z tej okazji dzieci uczestniczy\u0142y w zaj\u0119ciach tematycznych, podczas kt\u00f3rych poznawa\u0142y jesienne dary natury &#8211; takie jak : kasztany, \u017co\u0142\u0119dzie, kolorowe li\u015bcie, jarz\u0119bin\u0119 oraz dynie. Rozmawiali\u015bmy r\u00f3wnie\u017c o kolorach jesieni- dzieci z \u0142atwo\u015bci\u0105 wskazywa\u0142y barwy kt\u00f3re kojarz\u0105 im si\u0119 z t\u0105 por\u0105 roku: pomara\u0144czowy, \u017c\u00f3\u0142ty, czerwony.&hellip; <br \/> <a class=\"read-more\" href=\"http:\/\/przedszkole.kosowlacki.pl\/wordpress\/pierwszy-dzien-jesieni-6\/\">Read more<\/a><\/p>\n","protected":false},"author":9,"featured_media":0,"comment_status":"open","ping_status":"open","sticky":false,"template":"","format":"standard","meta":[],"categories":[10],"tags":[],"_links":{"self":[{"href":"http:\/\/przedszkole.kosowlacki.pl\/wordpress\/wp-json\/wp\/v2\/posts\/22405"}],"collection":[{"href":"http:\/\/przedszkole.kosowlacki.pl\/wordpress\/wp-json\/wp\/v2\/posts"}],"about":[{"href":"http:\/\/przedszkole.kosowlacki.pl\/wordpress\/wp-json\/wp\/v2\/types\/post"}],"author":[{"embeddable":true,"href":"http:\/\/przedszkole.kosowlacki.pl\/wordpress\/wp-json\/wp\/v2\/users\/9"}],"replies":[{"embeddable":true,"href":"http:\/\/przedszkole.kosowlacki.pl\/wordpress\/wp-json\/wp\/v2\/comments?post=22405"}],"version-history":[{"count":1,"href":"http:\/\/przedszkole.kosowlacki.pl\/wordpress\/wp-json\/wp\/v2\/posts\/22405\/revisions"}],"predecessor-version":[{"id":22406,"href":"http:\/\/przedszkole.kosowlacki.pl\/wordpress\/wp-json\/wp\/v2\/posts\/22405\/revisions\/22406"}],"wp:attachment":[{"href":"http:\/\/przedszkole.kosowlacki.pl\/wordpress\/wp-json\/wp\/v2\/media?parent=22405"}],"wp:term":[{"taxonomy":"category","embeddable":true,"href":"http:\/\/przedszkole.kosowlacki.pl\/wordpress\/wp-json\/wp\/v2\/categories?post=22405"},{"taxonomy":"post_tag","embeddable":true,"href":"http:\/\/przedszkole.kosowlacki.pl\/wordpress\/wp-json\/wp\/v2\/tags?post=22405"}],"curies":[{"name":"wp","href":"https:\/\/api.w.org\/{rel}","templated":true}]}}