{"id":22402,"date":"2025-09-23T22:57:42","date_gmt":"2025-09-23T20:57:42","guid":{"rendered":"http:\/\/przedszkole.kosowlacki.pl\/wordpress\/?p=22402"},"modified":"2026-01-21T09:44:35","modified_gmt":"2026-01-21T08:44:35","slug":"nie-ma-nic-piekniejszego-niz-marzenie-ktore-staje-sie-rzeczywistoscia","status":"publish","type":"post","link":"http:\/\/przedszkole.kosowlacki.pl\/wordpress\/nie-ma-nic-piekniejszego-niz-marzenie-ktore-staje-sie-rzeczywistoscia\/","title":{"rendered":"&#8222;Nie ma nic pi\u0119kniejszego, ni\u017c marzenie, kt\u00f3re staje si\u0119 rzeczywisto\u015bci\u0105&#8221;"},"content":{"rendered":"<p>19 wrze\u015bnia 2025r. odby\u0142o si\u0119 oficjalne i uroczyste otwarcie nowego budynku naszego Przedszkola. Pomimo, i\u017c plac\u00f3wka swoj\u0105 dzia\u0142alno\u015b\u0107 w nowym miejscu rozpocz\u0119\u0142a ju\u017c 1 wrze\u015bnia, minione wydarzenie by\u0142o znakomit\u0105 okazj\u0105 do zaprezentowania tej bezpiecznej i komfortowej przestrzeni zgromadzonym go\u015bciom, rodzicom i dzieciom. Budynek przedszkola wyr\u00f3\u017cnia si\u0119 spo\u015br\u00f3d pozosta\u0142ych nowoczesnym stylem, du\u017cymi salami sprzyjaj\u0105cymi nauce i zabawie, blisko\u015bci\u0105 natury i zieleni oraz placem zabaw i \u015bcie\u017ckami przyrodniczymi. Pi\u0105tkowe wydarzenie pozwoli\u0142o wsp\u00f3lnie cieszy\u0107 si\u0119 z nowego obiektu. Zwie\u0144czeniem uroczysto\u015bci by\u0142o po\u015bwi\u0119cenie budynku i symboliczne przeci\u0119cie wst\u0119gi. Po cz\u0119\u015bci oficjalnej przedszkolaki oraz ich rodzice zaprezentowali interesuj\u0105c\u0105 i pomys\u0142ow\u0105 cz\u0119\u015b\u0107 artystyczn\u0105 oraz wzi\u0119li udzia\u0142 w rodzinnym pikniku z atrakcjami dla dzieci oraz zwiedzaniu plac\u00f3wki.<\/p>\n<p>Szczeg\u00f3lne podzi\u0119kowania nale\u017c\u0105 si\u0119 tym, kt\u00f3rzy swoj\u0105 prac\u0105, zaanga\u017cowaniem i wsparciem sprawili, \u017ce ten dzie\u0144 sta\u0142 si\u0119 rzeczywisto\u015bci\u0105:<\/p>\n<ol>\n<li dir=\"auto\">Ks. Kan. Paw\u0142owi Anusiewiczowi &#8211; proboszczowi Parafii Kos\u00f3w Lacki<\/li>\n<li dir=\"auto\">Ewie Olszewskiej- MGOK w Kosowie Lackim<\/li>\n<li dir=\"auto\">Dariuszowi i Januszowi Zakrzewskim- Zak\u0142ady Mi\u0119sne Zakrzewscy<\/li>\n<li dir=\"auto\">Rados\u0142awowi Stasiukowi- Prezesowi firmy KOMAGRA<\/li>\n<li dir=\"auto\">Andrzejowi Minarczukowi- Prezesowi Zarz\u0105du OSM w Kosowie Lackim<\/li>\n<li dir=\"auto\">Adamowi Witkowskiemu- PW Wikrusz<\/li>\n<li dir=\"auto\">Edycie i Rafa\u0142owi \u015awiderskim- Zak\u0142ady Mi\u0119sne \u015awiderscy<\/li>\n<li dir=\"auto\">Arkadiuszowi Wi\u015bniewskiemu- PHU LK<\/li>\n<li dir=\"auto\">Bogus\u0142awowi Jakubaszek-PHU JAKUB<\/li>\n<li dir=\"auto\">\u0141ukaszowi Ferenc- BISSON PROJEKT<\/li>\n<li dir=\"auto\">Katarzynie i Miros\u0142awowi Jurkowskim- Sala Weselna Jurkowscy<\/li>\n<li dir=\"auto\">Danielowi Roszkowskiemu-Prezesowi sp\u00f3\u0142ki Telefony Podlaskie<\/li>\n<li dir=\"auto\">Markowi Gosek- Transmer<\/li>\n<li dir=\"auto\">Piotrowi \u017bebrowskiemu- Prezesowi zarz\u0105du Banku Sp\u00f3\u0142dzielczego w Soko\u0142owie Podlaskim<\/li>\n<li dir=\"auto\">Zbigniewowi Pacz\u00f3skiemu- PHU Topaz<\/li>\n<li dir=\"auto\">Barbarze Mr\u00f3z- PHU MADO<\/li>\n<li dir=\"auto\">Robertowi Marczak- Piekarnia Robson<\/li>\n<li dir=\"auto\">Anecie Oleszczuk- Przewodnicz\u0105cej Rady Rodzic\u00f3w<\/li>\n<li dir=\"auto\">Annie Szajko- Pani Prezes Stowarzyszenia Przyjaci\u00f3\u0142 Ziemi Kosowskiej<\/li>\n<li dir=\"auto\">Kole Gospody\u0144 Wiejskich z Maliszewy<\/li>\n<li dir=\"auto\">Kole Gospody\u0144 Wiejskich z Telak<\/li>\n<li dir=\"auto\">Kole Gospody\u0144 Wiejskich z Trzci\u0144ca<\/li>\n<li dir=\"auto\">Hannie Przesmyckiej- Pani Prezes Stowarzyszenia na rzecz Dzieci i M\u0142odzie\u017cy Gminy Kos\u00f3w Lacki i Dyrektor ZS<\/li>\n<li dir=\"auto\">Monice Denisiuk-\u015awistek- Pani Dyrektor SP w Kosowie Lackim<\/li>\n<li dir=\"auto\">Janowi Pawlickiemu- OSP Kos\u00f3w Lacki<\/li>\n<li dir=\"auto\">Konradowi Wysoki\u0144skiemu- Ferma Drobiu<\/li>\n<li dir=\"auto\">Zak\u0142adom Mi\u0119snym ,,Stanis\u0142aw\u00f3w &#8221;<\/li>\n<\/ol>\n<p>&nbsp;<\/p>\n<p style=\"text-align: right;\">K.Mlonek<\/p>\n","protected":false},"excerpt":{"rendered":"<p>19 wrze\u015bnia 2025r. odby\u0142o si\u0119 oficjalne i uroczyste otwarcie nowego budynku naszego Przedszkola. Pomimo, i\u017c plac\u00f3wka swoj\u0105 dzia\u0142alno\u015b\u0107 w nowym miejscu rozpocz\u0119\u0142a ju\u017c 1 wrze\u015bnia, minione wydarzenie by\u0142o znakomit\u0105 okazj\u0105 do zaprezentowania tej bezpiecznej i komfortowej przestrzeni zgromadzonym go\u015bciom, rodzicom i dzieciom. Budynek przedszkola wyr\u00f3\u017cnia si\u0119 spo\u015br\u00f3d pozosta\u0142ych nowoczesnym stylem, du\u017cymi salami sprzyjaj\u0105cymi nauce i&hellip; <br \/> <a class=\"read-more\" href=\"http:\/\/przedszkole.kosowlacki.pl\/wordpress\/nie-ma-nic-piekniejszego-niz-marzenie-ktore-staje-sie-rzeczywistoscia\/\">Read more<\/a><\/p>\n","protected":false},"author":7,"featured_media":0,"comment_status":"open","ping_status":"open","sticky":false,"template":"","format":"standard","meta":[],"categories":[10],"tags":[],"_links":{"self":[{"href":"http:\/\/przedszkole.kosowlacki.pl\/wordpress\/wp-json\/wp\/v2\/posts\/22402"}],"collection":[{"href":"http:\/\/przedszkole.kosowlacki.pl\/wordpress\/wp-json\/wp\/v2\/posts"}],"about":[{"href":"http:\/\/przedszkole.kosowlacki.pl\/wordpress\/wp-json\/wp\/v2\/types\/post"}],"author":[{"embeddable":true,"href":"http:\/\/przedszkole.kosowlacki.pl\/wordpress\/wp-json\/wp\/v2\/users\/7"}],"replies":[{"embeddable":true,"href":"http:\/\/przedszkole.kosowlacki.pl\/wordpress\/wp-json\/wp\/v2\/comments?post=22402"}],"version-history":[{"count":4,"href":"http:\/\/przedszkole.kosowlacki.pl\/wordpress\/wp-json\/wp\/v2\/posts\/22402\/revisions"}],"predecessor-version":[{"id":23363,"href":"http:\/\/przedszkole.kosowlacki.pl\/wordpress\/wp-json\/wp\/v2\/posts\/22402\/revisions\/23363"}],"wp:attachment":[{"href":"http:\/\/przedszkole.kosowlacki.pl\/wordpress\/wp-json\/wp\/v2\/media?parent=22402"}],"wp:term":[{"taxonomy":"category","embeddable":true,"href":"http:\/\/przedszkole.kosowlacki.pl\/wordpress\/wp-json\/wp\/v2\/categories?post=22402"},{"taxonomy":"post_tag","embeddable":true,"href":"http:\/\/przedszkole.kosowlacki.pl\/wordpress\/wp-json\/wp\/v2\/tags?post=22402"}],"curies":[{"name":"wp","href":"https:\/\/api.w.org\/{rel}","templated":true}]}}