{"id":22049,"date":"2025-09-16T13:35:54","date_gmt":"2025-09-16T11:35:54","guid":{"rendered":"http:\/\/przedszkole.kosowlacki.pl\/wordpress\/?p=22049"},"modified":"2025-09-16T13:38:14","modified_gmt":"2025-09-16T11:38:14","slug":"dzien-kropki-6","status":"publish","type":"post","link":"http:\/\/przedszkole.kosowlacki.pl\/wordpress\/dzien-kropki-6\/","title":{"rendered":"Dzie\u0144 Kropki"},"content":{"rendered":"<p style=\"text-align: center;\">15 wrze\u015bnia -Dzie\u0144 Kropki to mi\u0119dzynarodowe \u015bwi\u0119to promuj\u0105ce kreatywno\u015b\u0107, odwag\u0119 i odkrywanie w\u0142asnych talent\u00f3w. Wywodzi si\u0119 z ksi\u0105\u017cki &#8222;The Dot&#8221; (Kropka) Petera H. Reynoldsa, kt\u00f3ra opowiada o dziewczynce, kt\u00f3ra dzi\u0119ki ma\u0142ej kropce odkrywa w sobie artystyczny potencja\u0142. Dzie\u0144 ten zach\u0119ca dzieci i doros\u0142ych do zabawy, tworzenia prac plastycznych, a tak\u017ce do wiary we w\u0142asne mo\u017cliwo\u015bci i wyra\u017cania siebie.<br \/>\nTak i w naszym przedszkolu dzieci ze wszystkich grup odkrywamy kolorowe kropki podczas zabaw, ta\u0144c\u00f3w i prac plastycznych \u015bwietnie si\u0119 przy tym bawi\u0105c.<\/p>\n<p style=\"text-align: right;\">K.Kietli\u0144ska<\/p>\n","protected":false},"excerpt":{"rendered":"<p>15 wrze\u015bnia -Dzie\u0144 Kropki to mi\u0119dzynarodowe \u015bwi\u0119to promuj\u0105ce kreatywno\u015b\u0107, odwag\u0119 i odkrywanie w\u0142asnych talent\u00f3w. Wywodzi si\u0119 z ksi\u0105\u017cki &#8222;The Dot&#8221; (Kropka) Petera H. Reynoldsa, kt\u00f3ra opowiada o dziewczynce, kt\u00f3ra dzi\u0119ki ma\u0142ej kropce odkrywa w sobie artystyczny potencja\u0142. Dzie\u0144 ten zach\u0119ca dzieci i doros\u0142ych do zabawy, tworzenia prac plastycznych, a tak\u017ce do wiary we w\u0142asne mo\u017cliwo\u015bci&hellip; <br \/> <a class=\"read-more\" href=\"http:\/\/przedszkole.kosowlacki.pl\/wordpress\/dzien-kropki-6\/\">Read more<\/a><\/p>\n","protected":false},"author":9,"featured_media":0,"comment_status":"open","ping_status":"open","sticky":false,"template":"","format":"standard","meta":[],"categories":[10],"tags":[],"_links":{"self":[{"href":"http:\/\/przedszkole.kosowlacki.pl\/wordpress\/wp-json\/wp\/v2\/posts\/22049"}],"collection":[{"href":"http:\/\/przedszkole.kosowlacki.pl\/wordpress\/wp-json\/wp\/v2\/posts"}],"about":[{"href":"http:\/\/przedszkole.kosowlacki.pl\/wordpress\/wp-json\/wp\/v2\/types\/post"}],"author":[{"embeddable":true,"href":"http:\/\/przedszkole.kosowlacki.pl\/wordpress\/wp-json\/wp\/v2\/users\/9"}],"replies":[{"embeddable":true,"href":"http:\/\/przedszkole.kosowlacki.pl\/wordpress\/wp-json\/wp\/v2\/comments?post=22049"}],"version-history":[{"count":3,"href":"http:\/\/przedszkole.kosowlacki.pl\/wordpress\/wp-json\/wp\/v2\/posts\/22049\/revisions"}],"predecessor-version":[{"id":22052,"href":"http:\/\/przedszkole.kosowlacki.pl\/wordpress\/wp-json\/wp\/v2\/posts\/22049\/revisions\/22052"}],"wp:attachment":[{"href":"http:\/\/przedszkole.kosowlacki.pl\/wordpress\/wp-json\/wp\/v2\/media?parent=22049"}],"wp:term":[{"taxonomy":"category","embeddable":true,"href":"http:\/\/przedszkole.kosowlacki.pl\/wordpress\/wp-json\/wp\/v2\/categories?post=22049"},{"taxonomy":"post_tag","embeddable":true,"href":"http:\/\/przedszkole.kosowlacki.pl\/wordpress\/wp-json\/wp\/v2\/tags?post=22049"}],"curies":[{"name":"wp","href":"https:\/\/api.w.org\/{rel}","templated":true}]}}