{"id":22037,"date":"2025-09-15T12:27:14","date_gmt":"2025-09-15T10:27:14","guid":{"rendered":"http:\/\/przedszkole.kosowlacki.pl\/wordpress\/?p=22037"},"modified":"2025-09-15T14:37:01","modified_gmt":"2025-09-15T12:37:01","slug":"ogloszenie-32","status":"publish","type":"post","link":"http:\/\/przedszkole.kosowlacki.pl\/wordpress\/ogloszenie-32\/","title":{"rendered":"Og\u0142oszenie"},"content":{"rendered":"<h3 style=\"text-align: center;\"><strong>Drodzy Rodzice!<\/strong><\/h3>\n<h3 style=\"text-align: left;\">W zwi\u0105zku ze wsp\u00f3lnymi ustaleniami na zebraniu z Rodzicami dnia 27.08.2025 przypominamy, \u017ce <span style=\"color: #ff0000;\">19.09.2025<\/span> o godzinie <span style=\"color: #ff0000;\">12.00<\/span> odb\u0119dzie si\u0119\u00a0 uroczyste otwarcie Przedszkola i \u017b\u0142obka\u00a0 \u00a0 \u00a0 \u00a0 \u00a0 \u00a0 \u00a0 \u00a0 \u00a0 \u00a0 w Kosowie Lackim.<\/h3>\n<h3>Tego dnia dzieci wraz z rodzicami przychodz\u0105 na godzin\u0119 12.00 ( dzieci pozostaj\u0105 pod opiek\u0105 rodzic\u00f3w).<\/h3>\n<h3 style=\"text-align: left;\"><strong>Program uroczysto\u015bci:<\/strong><\/h3>\n<h3 style=\"text-align: left;\">1.Cz\u0119\u015b\u0107 oficjalna- powitanie i przem\u00f3wienia go\u015bci<\/h3>\n<h3 style=\"text-align: left;\">2.Wyst\u0119py naszych przedszkolak\u00f3w<\/h3>\n<h3 style=\"text-align: left;\">3.Cz\u0119\u015b\u0107 artystyczna rodzic\u00f3w<\/h3>\n<h3 style=\"text-align: left;\">4.Banda S\u0142odziak\u00f3w- wyst\u0119p muzyczny<\/h3>\n<h3 style=\"text-align: left;\">5.Atrakcje dla dzieci: dmucha\u0144ce, malowanie twarzy, tatua\u017ce, ba\u0144ki, fotolustro, kucyki<\/h3>\n<h3 style=\"text-align: left;\">\u00a0i bryczka i wiele innych.<\/h3>\n<h3 style=\"text-align: center;\">Serdecznie zapraszamy, dzi\u0119kujemy za wyrozumia\u0142o\u015b\u0107 i wsparcie<\/h3>\n","protected":false},"excerpt":{"rendered":"<p>Drodzy Rodzice! W zwi\u0105zku ze wsp\u00f3lnymi ustaleniami na zebraniu z Rodzicami dnia 27.08.2025 przypominamy, \u017ce 19.09.2025 o godzinie 12.00 odb\u0119dzie si\u0119\u00a0 uroczyste otwarcie Przedszkola i \u017b\u0142obka\u00a0 \u00a0 \u00a0 \u00a0 \u00a0 \u00a0 \u00a0 \u00a0 \u00a0 \u00a0 w Kosowie Lackim. Tego dnia dzieci wraz z rodzicami przychodz\u0105 na godzin\u0119 12.00 ( dzieci pozostaj\u0105 pod opiek\u0105 rodzic\u00f3w). Program&hellip; <br \/> <a class=\"read-more\" href=\"http:\/\/przedszkole.kosowlacki.pl\/wordpress\/ogloszenie-32\/\">Read more<\/a><\/p>\n","protected":false},"author":2,"featured_media":0,"comment_status":"open","ping_status":"open","sticky":false,"template":"","format":"standard","meta":[],"categories":[11],"tags":[],"_links":{"self":[{"href":"http:\/\/przedszkole.kosowlacki.pl\/wordpress\/wp-json\/wp\/v2\/posts\/22037"}],"collection":[{"href":"http:\/\/przedszkole.kosowlacki.pl\/wordpress\/wp-json\/wp\/v2\/posts"}],"about":[{"href":"http:\/\/przedszkole.kosowlacki.pl\/wordpress\/wp-json\/wp\/v2\/types\/post"}],"author":[{"embeddable":true,"href":"http:\/\/przedszkole.kosowlacki.pl\/wordpress\/wp-json\/wp\/v2\/users\/2"}],"replies":[{"embeddable":true,"href":"http:\/\/przedszkole.kosowlacki.pl\/wordpress\/wp-json\/wp\/v2\/comments?post=22037"}],"version-history":[{"count":8,"href":"http:\/\/przedszkole.kosowlacki.pl\/wordpress\/wp-json\/wp\/v2\/posts\/22037\/revisions"}],"predecessor-version":[{"id":22045,"href":"http:\/\/przedszkole.kosowlacki.pl\/wordpress\/wp-json\/wp\/v2\/posts\/22037\/revisions\/22045"}],"wp:attachment":[{"href":"http:\/\/przedszkole.kosowlacki.pl\/wordpress\/wp-json\/wp\/v2\/media?parent=22037"}],"wp:term":[{"taxonomy":"category","embeddable":true,"href":"http:\/\/przedszkole.kosowlacki.pl\/wordpress\/wp-json\/wp\/v2\/categories?post=22037"},{"taxonomy":"post_tag","embeddable":true,"href":"http:\/\/przedszkole.kosowlacki.pl\/wordpress\/wp-json\/wp\/v2\/tags?post=22037"}],"curies":[{"name":"wp","href":"https:\/\/api.w.org\/{rel}","templated":true}]}}