{"id":22026,"date":"2025-09-01T18:34:20","date_gmt":"2025-09-01T16:34:20","guid":{"rendered":"http:\/\/przedszkole.kosowlacki.pl\/wordpress\/?p=22026"},"modified":"2025-09-01T18:36:08","modified_gmt":"2025-09-01T16:36:08","slug":"800-km-dla-poli","status":"publish","type":"post","link":"http:\/\/przedszkole.kosowlacki.pl\/wordpress\/800-km-dla-poli\/","title":{"rendered":"800 km dla Poli"},"content":{"rendered":"<p style=\"text-align: center;\">1 wrze\u015bnia przed budynkiem Przedszkola w Kosowie Lackim mia\u0142o miejsce wyj\u0105tkowe wydarzenie &#8211; wyprawa rowerowa \u201e800 km dla Poli\u201d. Jej inicjatork\u0105 jest Eliza Ste\u0107 &#8211; sportsmenka pochodz\u0105ca z naszej okolicy, kt\u00f3ra podj\u0119\u0142a si\u0119 niezwyk\u0142ego wyzwania: przejechania 800 kilometr\u00f3w z Kosowa Lackiego do Sopotu i z powrotem.<\/p>\n<p style=\"text-align: center;\">Ca\u0142a wyprawa odbywa si\u0119 z my\u015bl\u0105 o Poli \u2013 naszej ma\u0142ej podopiecznej, kt\u00f3ra ka\u017cdego dnia z ogromn\u0105 si\u0142\u0105 i odwag\u0105 stawia czo\u0142a trudno\u015bciom. Jej u\u015bmiech, mimo wielu wyzwa\u0144, daje nam wszystkim przyk\u0142ad, czym jest prawdziwa rado\u015b\u0107 \u017cycia i niez\u0142omna wola walki.<\/p>\n<p style=\"text-align: center;\">Dzisiejszemu po\u017cegnaniu Elizy towarzyszy\u0142a wzruszaj\u0105ca atmosfera. Na miejscu obecni byli przedstawiciele samorz\u0105du gminy z Panem burmistrzem Janem S\u0142omiakiem, dyrektor naszego przedszkola Pani Agnieszka Ajdys wraz z pracownikami, przedszkolaki oraz rodzice. W wydarzeniu uczestniczyli r\u00f3wnie\u017c rodzina i przyjaciele Elizy, przedstawiciele Miejsko-Gminnego O\u015brodka Kultury, a tak\u017ce druhowie z OSP Kos\u00f3w Lacki.<\/p>\n<p style=\"text-align: center;\">By\u0142o to wydarzenie pe\u0142ne emocji, jedno\u015bci i ogromnego serca, kt\u00f3re na d\u0142ugo pozostanie w pami\u0119ci ca\u0142ej spo\u0142eczno\u015bci.<br \/>\n\u017byczymy Elizie bezpiecznej podr\u00f3\u017cy, wielu si\u0142 i wytrwa\u0142o\u015bci w realizacji tego szczeg\u00f3lnego celu. Jeste\u015bmy pe\u0142ni dumy, \u017ce ta pi\u0119kna inicjatywa rozpocz\u0119\u0142a si\u0119 w\u0142a\u015bnie w naszym przedszkolu.<\/p>\n<p style=\"text-align: right;\">P.Osipiak<\/p>\n","protected":false},"excerpt":{"rendered":"<p>1 wrze\u015bnia przed budynkiem Przedszkola w Kosowie Lackim mia\u0142o miejsce wyj\u0105tkowe wydarzenie &#8211; wyprawa rowerowa \u201e800 km dla Poli\u201d. Jej inicjatork\u0105 jest Eliza Ste\u0107 &#8211; sportsmenka pochodz\u0105ca z naszej okolicy, kt\u00f3ra podj\u0119\u0142a si\u0119 niezwyk\u0142ego wyzwania: przejechania 800 kilometr\u00f3w z Kosowa Lackiego do Sopotu i z powrotem. Ca\u0142a wyprawa odbywa si\u0119 z my\u015bl\u0105 o Poli \u2013&hellip; <br \/> <a class=\"read-more\" href=\"http:\/\/przedszkole.kosowlacki.pl\/wordpress\/800-km-dla-poli\/\">Read more<\/a><\/p>\n","protected":false},"author":9,"featured_media":0,"comment_status":"open","ping_status":"open","sticky":false,"template":"","format":"standard","meta":[],"categories":[10],"tags":[],"_links":{"self":[{"href":"http:\/\/przedszkole.kosowlacki.pl\/wordpress\/wp-json\/wp\/v2\/posts\/22026"}],"collection":[{"href":"http:\/\/przedszkole.kosowlacki.pl\/wordpress\/wp-json\/wp\/v2\/posts"}],"about":[{"href":"http:\/\/przedszkole.kosowlacki.pl\/wordpress\/wp-json\/wp\/v2\/types\/post"}],"author":[{"embeddable":true,"href":"http:\/\/przedszkole.kosowlacki.pl\/wordpress\/wp-json\/wp\/v2\/users\/9"}],"replies":[{"embeddable":true,"href":"http:\/\/przedszkole.kosowlacki.pl\/wordpress\/wp-json\/wp\/v2\/comments?post=22026"}],"version-history":[{"count":3,"href":"http:\/\/przedszkole.kosowlacki.pl\/wordpress\/wp-json\/wp\/v2\/posts\/22026\/revisions"}],"predecessor-version":[{"id":22029,"href":"http:\/\/przedszkole.kosowlacki.pl\/wordpress\/wp-json\/wp\/v2\/posts\/22026\/revisions\/22029"}],"wp:attachment":[{"href":"http:\/\/przedszkole.kosowlacki.pl\/wordpress\/wp-json\/wp\/v2\/media?parent=22026"}],"wp:term":[{"taxonomy":"category","embeddable":true,"href":"http:\/\/przedszkole.kosowlacki.pl\/wordpress\/wp-json\/wp\/v2\/categories?post=22026"},{"taxonomy":"post_tag","embeddable":true,"href":"http:\/\/przedszkole.kosowlacki.pl\/wordpress\/wp-json\/wp\/v2\/tags?post=22026"}],"curies":[{"name":"wp","href":"https:\/\/api.w.org\/{rel}","templated":true}]}}