{"id":22023,"date":"2025-09-01T15:50:10","date_gmt":"2025-09-01T13:50:10","guid":{"rendered":"http:\/\/przedszkole.kosowlacki.pl\/wordpress\/?p=22023"},"modified":"2025-09-01T15:50:10","modified_gmt":"2025-09-01T13:50:10","slug":"1-wrzesnia-witamy-przedszkole","status":"publish","type":"post","link":"http:\/\/przedszkole.kosowlacki.pl\/wordpress\/1-wrzesnia-witamy-przedszkole\/","title":{"rendered":"1 wrze\u015bnia &#8211; Witamy PRZEDSZKOLE!"},"content":{"rendered":"<p><strong>1 wrze\u015bnia \u2013 wyj\u0105tkowy pocz\u0105tek nowego roku szkolnego!<\/strong><\/p>\n<p>Tegoroczny start roku szkolnego by\u0142 dla nas szczeg\u00f3lny \u2013 po raz pierwszy powitali\u015bmy dzieci w nowym budynku przedszkolnym. Ju\u017c od wczesnych godzin porannych przy g\u0142\u00f3wnym wej\u015bciu na najm\u0142odszych czekali Pan Burmistrz Jan S\u0142omiak oraz Pani Dyrektor Agnieszka Ajdys, serdecznie witaj\u0105c ka\u017cde dziecko i jego rodzin\u0119.<\/p>\n<p>Zaciekawione maluchy, nieco onie\u015bmielone, ale pe\u0142ne entuzjazmu, dzielnie maszerowa\u0142y w stron\u0119 nowych przyg\u00f3d, prowadzone przez swoich rodzic\u00f3w. Nowoczesne szatnie oraz przestronne, kolorowe sale pe\u0142ne nowych zabawek, pomocy dydaktycznych i niespodzianek od razu przyci\u0105ga\u0142y uwag\u0119 dzieci i budzi\u0142y rado\u015b\u0107 w ich oczach.<\/p>\n<p>To by\u0142 r\u00f3wnie\u017c doskona\u0142y moment dla rodzic\u00f3w, aby zapozna\u0107 si\u0119 z nowym budynkiem, jego funkcjonalnym uk\u0142adem oraz otoczeniem \u2013 bezpiecznymi placami zabaw, zielonymi alejkami i strefami przeznaczonymi do spacer\u00f3w i zabaw na \u015bwie\u017cym powietrzu.<\/p>\n<p>W tym dniu odby\u0142y si\u0119 r\u00f3wnie\u017c zaj\u0119cia adaptacyjne dla grupy trzylatk\u00f3w. Dzieci mia\u0142y mo\u017cliwo\u015b\u0107 swobodnego poznania swojej sali, wychowawczyni oraz r\u00f3wie\u015bnik\u00f3w, a wszystko to w obecno\u015bci i wsparciu swoich rodzic\u00f3w. Adaptacja przebiega\u0142a w ciep\u0142ej, przyjaznej atmosferze, a po niej przyszed\u0142 czas na wsp\u00f3lne animacje i integracyjne zabawy, kt\u00f3re anga\u017cowa\u0142y zar\u00f3wno dzieci, jak i doros\u0142ych.<\/p>\n<p>Z niecierpliwo\u015bci\u0105 czekamy na kolejne dni pe\u0142ne nauki, zabawy i wsp\u00f3lnych odkry\u0107!<\/p>\n<p>&nbsp;<\/p>\n<p style=\"text-align: right;\">A. Ferenc<\/p>\n","protected":false},"excerpt":{"rendered":"<p>1 wrze\u015bnia \u2013 wyj\u0105tkowy pocz\u0105tek nowego roku szkolnego! Tegoroczny start roku szkolnego by\u0142 dla nas szczeg\u00f3lny \u2013 po raz pierwszy powitali\u015bmy dzieci w nowym budynku przedszkolnym. Ju\u017c od wczesnych godzin porannych przy g\u0142\u00f3wnym wej\u015bciu na najm\u0142odszych czekali Pan Burmistrz Jan S\u0142omiak oraz Pani Dyrektor Agnieszka Ajdys, serdecznie witaj\u0105c ka\u017cde dziecko i jego rodzin\u0119. Zaciekawione maluchy,&hellip; <br \/> <a class=\"read-more\" href=\"http:\/\/przedszkole.kosowlacki.pl\/wordpress\/1-wrzesnia-witamy-przedszkole\/\">Read more<\/a><\/p>\n","protected":false},"author":8,"featured_media":0,"comment_status":"open","ping_status":"open","sticky":false,"template":"","format":"standard","meta":[],"categories":[10],"tags":[],"_links":{"self":[{"href":"http:\/\/przedszkole.kosowlacki.pl\/wordpress\/wp-json\/wp\/v2\/posts\/22023"}],"collection":[{"href":"http:\/\/przedszkole.kosowlacki.pl\/wordpress\/wp-json\/wp\/v2\/posts"}],"about":[{"href":"http:\/\/przedszkole.kosowlacki.pl\/wordpress\/wp-json\/wp\/v2\/types\/post"}],"author":[{"embeddable":true,"href":"http:\/\/przedszkole.kosowlacki.pl\/wordpress\/wp-json\/wp\/v2\/users\/8"}],"replies":[{"embeddable":true,"href":"http:\/\/przedszkole.kosowlacki.pl\/wordpress\/wp-json\/wp\/v2\/comments?post=22023"}],"version-history":[{"count":1,"href":"http:\/\/przedszkole.kosowlacki.pl\/wordpress\/wp-json\/wp\/v2\/posts\/22023\/revisions"}],"predecessor-version":[{"id":22024,"href":"http:\/\/przedszkole.kosowlacki.pl\/wordpress\/wp-json\/wp\/v2\/posts\/22023\/revisions\/22024"}],"wp:attachment":[{"href":"http:\/\/przedszkole.kosowlacki.pl\/wordpress\/wp-json\/wp\/v2\/media?parent=22023"}],"wp:term":[{"taxonomy":"category","embeddable":true,"href":"http:\/\/przedszkole.kosowlacki.pl\/wordpress\/wp-json\/wp\/v2\/categories?post=22023"},{"taxonomy":"post_tag","embeddable":true,"href":"http:\/\/przedszkole.kosowlacki.pl\/wordpress\/wp-json\/wp\/v2\/tags?post=22023"}],"curies":[{"name":"wp","href":"https:\/\/api.w.org\/{rel}","templated":true}]}}