{"id":22017,"date":"2025-08-25T10:22:49","date_gmt":"2025-08-25T08:22:49","guid":{"rendered":"http:\/\/przedszkole.kosowlacki.pl\/wordpress\/?p=22017"},"modified":"2025-08-25T10:22:49","modified_gmt":"2025-08-25T08:22:49","slug":"wyprawka-do-zlobka","status":"publish","type":"post","link":"http:\/\/przedszkole.kosowlacki.pl\/wordpress\/wyprawka-do-zlobka\/","title":{"rendered":"WYPRAWKA DO \u017b\u0141OBKA"},"content":{"rendered":"<ul>\n<li>Pieluchy (je\u015bli dziecko u\u017cywa)<\/li>\n<li>kapcie na zmian\u0119<\/li>\n<li>ubrania na zmian\u0119- 2 komplety (uzupe\u0142niamy na bie\u017c\u0105co)<\/li>\n<li>torebki na ubrania- podpisane<\/li>\n<li>czapk\u0119 lub inne nakrycie g\u0142owy chroni\u0105ce przed s\u0142o\u0144cem<\/li>\n<li>chusteczki nawil\u017caj\u0105ce- 2 opakowania<\/li>\n<li>krem piel\u0119gnacyjny<\/li>\n<li>chusteczki do nosa- 2 pude\u0142ka<\/li>\n<li>po\u015bciel dla dzieci (poduszka, cienka ko\u0142derka lub kocyk, podk\u0142ad jednorazowy)<\/li>\n<li>mleko, butelk\u0119, smoczek (je\u015bli dziecko u\u017cywa)<\/li>\n<\/ul>\n<p><strong>Prosimy o podpisanie wszystkich rzeczy w widocznym miejscu!<\/strong><\/p>\n","protected":false},"excerpt":{"rendered":"<p>Pieluchy (je\u015bli dziecko u\u017cywa) kapcie na zmian\u0119 ubrania na zmian\u0119- 2 komplety (uzupe\u0142niamy na bie\u017c\u0105co) torebki na ubrania- podpisane czapk\u0119 lub inne nakrycie g\u0142owy chroni\u0105ce przed s\u0142o\u0144cem chusteczki nawil\u017caj\u0105ce- 2 opakowania krem piel\u0119gnacyjny chusteczki do nosa- 2 pude\u0142ka po\u015bciel dla dzieci (poduszka, cienka ko\u0142derka lub kocyk, podk\u0142ad jednorazowy) mleko, butelk\u0119, smoczek (je\u015bli dziecko u\u017cywa) Prosimy&hellip; <br \/> <a class=\"read-more\" href=\"http:\/\/przedszkole.kosowlacki.pl\/wordpress\/wyprawka-do-zlobka\/\">Read more<\/a><\/p>\n","protected":false},"author":6,"featured_media":0,"comment_status":"open","ping_status":"open","sticky":false,"template":"","format":"standard","meta":[],"categories":[14],"tags":[],"_links":{"self":[{"href":"http:\/\/przedszkole.kosowlacki.pl\/wordpress\/wp-json\/wp\/v2\/posts\/22017"}],"collection":[{"href":"http:\/\/przedszkole.kosowlacki.pl\/wordpress\/wp-json\/wp\/v2\/posts"}],"about":[{"href":"http:\/\/przedszkole.kosowlacki.pl\/wordpress\/wp-json\/wp\/v2\/types\/post"}],"author":[{"embeddable":true,"href":"http:\/\/przedszkole.kosowlacki.pl\/wordpress\/wp-json\/wp\/v2\/users\/6"}],"replies":[{"embeddable":true,"href":"http:\/\/przedszkole.kosowlacki.pl\/wordpress\/wp-json\/wp\/v2\/comments?post=22017"}],"version-history":[{"count":1,"href":"http:\/\/przedszkole.kosowlacki.pl\/wordpress\/wp-json\/wp\/v2\/posts\/22017\/revisions"}],"predecessor-version":[{"id":22018,"href":"http:\/\/przedszkole.kosowlacki.pl\/wordpress\/wp-json\/wp\/v2\/posts\/22017\/revisions\/22018"}],"wp:attachment":[{"href":"http:\/\/przedszkole.kosowlacki.pl\/wordpress\/wp-json\/wp\/v2\/media?parent=22017"}],"wp:term":[{"taxonomy":"category","embeddable":true,"href":"http:\/\/przedszkole.kosowlacki.pl\/wordpress\/wp-json\/wp\/v2\/categories?post=22017"},{"taxonomy":"post_tag","embeddable":true,"href":"http:\/\/przedszkole.kosowlacki.pl\/wordpress\/wp-json\/wp\/v2\/tags?post=22017"}],"curies":[{"name":"wp","href":"https:\/\/api.w.org\/{rel}","templated":true}]}}