{"id":22015,"date":"2025-08-24T21:55:02","date_gmt":"2025-08-24T19:55:02","guid":{"rendered":"http:\/\/przedszkole.kosowlacki.pl\/wordpress\/?p=22015"},"modified":"2025-08-24T21:55:02","modified_gmt":"2025-08-24T19:55:02","slug":"wyniki-naboru-na-wolne-stanowiska-pracy","status":"publish","type":"post","link":"http:\/\/przedszkole.kosowlacki.pl\/wordpress\/wyniki-naboru-na-wolne-stanowiska-pracy\/","title":{"rendered":"WYNIKI NABORU NA WOLNE STANOWISKA PRACY"},"content":{"rendered":"<p>Informujemy, \u017ce w wyniku naboru na wolne stanowiska pracy w Gminnym Przedszkolu w Kosowie Lackim do zatrudnienia zosta\u0142y wytypowane nast\u0119puj\u0105ce osoby:<\/p>\n<p>nauczyciel wychowania przedszkolnego &#8211; p. Magdalena Kulik,<\/p>\n<p>pomoc nauczyciela- p. Julia K\u0119dzior,<\/p>\n<p>sprz\u0105taczka &#8211; p. Marta M\u0142y\u0144ska.<\/p>\n<p>Wszystkim wymienionym Paniom serdecznie gratulujemy!<\/p>\n<p>Mamy nadziej\u0119, \u017ce pozostali kandydaci wkr\u00f3tce r\u00f3wnie\u017c znajd\u0105 zatrudnienie!<\/p>\n","protected":false},"excerpt":{"rendered":"<p>Informujemy, \u017ce w wyniku naboru na wolne stanowiska pracy w Gminnym Przedszkolu w Kosowie Lackim do zatrudnienia zosta\u0142y wytypowane nast\u0119puj\u0105ce osoby: nauczyciel wychowania przedszkolnego &#8211; p. Magdalena Kulik, pomoc nauczyciela- p. Julia K\u0119dzior, sprz\u0105taczka &#8211; p. Marta M\u0142y\u0144ska. Wszystkim wymienionym Paniom serdecznie gratulujemy! Mamy nadziej\u0119, \u017ce pozostali kandydaci wkr\u00f3tce r\u00f3wnie\u017c znajd\u0105 zatrudnienie!<\/p>\n","protected":false},"author":9,"featured_media":0,"comment_status":"open","ping_status":"open","sticky":false,"template":"","format":"standard","meta":[],"categories":[11],"tags":[],"_links":{"self":[{"href":"http:\/\/przedszkole.kosowlacki.pl\/wordpress\/wp-json\/wp\/v2\/posts\/22015"}],"collection":[{"href":"http:\/\/przedszkole.kosowlacki.pl\/wordpress\/wp-json\/wp\/v2\/posts"}],"about":[{"href":"http:\/\/przedszkole.kosowlacki.pl\/wordpress\/wp-json\/wp\/v2\/types\/post"}],"author":[{"embeddable":true,"href":"http:\/\/przedszkole.kosowlacki.pl\/wordpress\/wp-json\/wp\/v2\/users\/9"}],"replies":[{"embeddable":true,"href":"http:\/\/przedszkole.kosowlacki.pl\/wordpress\/wp-json\/wp\/v2\/comments?post=22015"}],"version-history":[{"count":1,"href":"http:\/\/przedszkole.kosowlacki.pl\/wordpress\/wp-json\/wp\/v2\/posts\/22015\/revisions"}],"predecessor-version":[{"id":22016,"href":"http:\/\/przedszkole.kosowlacki.pl\/wordpress\/wp-json\/wp\/v2\/posts\/22015\/revisions\/22016"}],"wp:attachment":[{"href":"http:\/\/przedszkole.kosowlacki.pl\/wordpress\/wp-json\/wp\/v2\/media?parent=22015"}],"wp:term":[{"taxonomy":"category","embeddable":true,"href":"http:\/\/przedszkole.kosowlacki.pl\/wordpress\/wp-json\/wp\/v2\/categories?post=22015"},{"taxonomy":"post_tag","embeddable":true,"href":"http:\/\/przedszkole.kosowlacki.pl\/wordpress\/wp-json\/wp\/v2\/tags?post=22015"}],"curies":[{"name":"wp","href":"https:\/\/api.w.org\/{rel}","templated":true}]}}