{"id":22005,"date":"2025-08-08T12:52:59","date_gmt":"2025-08-08T10:52:59","guid":{"rendered":"http:\/\/przedszkole.kosowlacki.pl\/wordpress\/?p=22005"},"modified":"2025-08-08T13:00:51","modified_gmt":"2025-08-08T11:00:51","slug":"nabor-na-stanowisko-opiekun-opiekunka-w-zlobku-w-kosowie-lackim","status":"publish","type":"post","link":"http:\/\/przedszkole.kosowlacki.pl\/wordpress\/nabor-na-stanowisko-opiekun-opiekunka-w-zlobku-w-kosowie-lackim\/","title":{"rendered":"Nab\u00f3r na stanowisko OPIEKUN\/OPIEKUNKA w \u017b\u0142obku w Kosowie Lackim"},"content":{"rendered":"<p><strong>Burmistrz Miasta i Gminy Kos\u00f3w Lacki<br \/>\nOg\u0142asza nab\u00f3r na stanowisko<br \/>\nOPIEKUN\/OPIEKUNKA DZIECI\u0118CA<br \/>\nw \u017b\u0142obku w Kosowie Lackim<\/strong><\/p>\n<p><a href=\"http:\/\/przedszkole.kosowlacki.pl\/wordpress\/wp-content\/uploads\/2025\/08\/Ogloszenie-nabor-opiekun-zlobek.pdf\">OG\u0141OSZENIE<\/a><\/p>\n<ul>\n<li><a href=\"http:\/\/przedszkole.kosowlacki.pl\/wordpress\/wp-content\/uploads\/2025\/08\/Oswiadczenie-o-posiadaniu-obywatelstwa-polskiego.doc\">O\u015bwiadczenie o posiadaniu obywatelstwa polskiego<\/a><\/li>\n<li><a href=\"http:\/\/przedszkole.kosowlacki.pl\/wordpress\/wp-content\/uploads\/2025\/08\/Oswiadczenie-o-niekaralnosci.docx\">O\u015bwiadczenie o niekaralno\u015bci<\/a><\/li>\n<li><a href=\"http:\/\/przedszkole.kosowlacki.pl\/wordpress\/wp-content\/uploads\/2025\/08\/Oswiadczenie-pelna-zdolnosc-do-czynnosci-prawnych.docx\">O\u015bwiadczenie pe\u0142na zdolno\u015b\u0107 do czynno\u015bci prawnych<\/a><\/li>\n<li><a href=\"http:\/\/przedszkole.kosowlacki.pl\/wordpress\/wp-content\/uploads\/2025\/08\/Zgoda-na-przetwarzanie-danych-osobowych.doc\">Zgoda na przetwarzanie danych osobowych<\/a><\/li>\n<\/ul>\n","protected":false},"excerpt":{"rendered":"<p>Burmistrz Miasta i Gminy Kos\u00f3w Lacki Og\u0142asza nab\u00f3r na stanowisko OPIEKUN\/OPIEKUNKA DZIECI\u0118CA w \u017b\u0142obku w Kosowie Lackim OG\u0141OSZENIE O\u015bwiadczenie o posiadaniu obywatelstwa polskiego O\u015bwiadczenie o niekaralno\u015bci O\u015bwiadczenie pe\u0142na zdolno\u015b\u0107 do czynno\u015bci prawnych Zgoda na przetwarzanie danych osobowych<\/p>\n","protected":false},"author":9,"featured_media":0,"comment_status":"open","ping_status":"open","sticky":false,"template":"","format":"standard","meta":[],"categories":[11],"tags":[],"_links":{"self":[{"href":"http:\/\/przedszkole.kosowlacki.pl\/wordpress\/wp-json\/wp\/v2\/posts\/22005"}],"collection":[{"href":"http:\/\/przedszkole.kosowlacki.pl\/wordpress\/wp-json\/wp\/v2\/posts"}],"about":[{"href":"http:\/\/przedszkole.kosowlacki.pl\/wordpress\/wp-json\/wp\/v2\/types\/post"}],"author":[{"embeddable":true,"href":"http:\/\/przedszkole.kosowlacki.pl\/wordpress\/wp-json\/wp\/v2\/users\/9"}],"replies":[{"embeddable":true,"href":"http:\/\/przedszkole.kosowlacki.pl\/wordpress\/wp-json\/wp\/v2\/comments?post=22005"}],"version-history":[{"count":3,"href":"http:\/\/przedszkole.kosowlacki.pl\/wordpress\/wp-json\/wp\/v2\/posts\/22005\/revisions"}],"predecessor-version":[{"id":22013,"href":"http:\/\/przedszkole.kosowlacki.pl\/wordpress\/wp-json\/wp\/v2\/posts\/22005\/revisions\/22013"}],"wp:attachment":[{"href":"http:\/\/przedszkole.kosowlacki.pl\/wordpress\/wp-json\/wp\/v2\/media?parent=22005"}],"wp:term":[{"taxonomy":"category","embeddable":true,"href":"http:\/\/przedszkole.kosowlacki.pl\/wordpress\/wp-json\/wp\/v2\/categories?post=22005"},{"taxonomy":"post_tag","embeddable":true,"href":"http:\/\/przedszkole.kosowlacki.pl\/wordpress\/wp-json\/wp\/v2\/tags?post=22005"}],"curies":[{"name":"wp","href":"https:\/\/api.w.org\/{rel}","templated":true}]}}