{"id":21984,"date":"2025-08-01T11:04:34","date_gmt":"2025-08-01T09:04:34","guid":{"rendered":"http:\/\/przedszkole.kosowlacki.pl\/wordpress\/?p=21984"},"modified":"2025-08-01T11:05:09","modified_gmt":"2025-08-01T09:05:09","slug":"ogloszenie-o-naborze-na-wolne-stanowisko-pracy-2","status":"publish","type":"post","link":"http:\/\/przedszkole.kosowlacki.pl\/wordpress\/ogloszenie-o-naborze-na-wolne-stanowisko-pracy-2\/","title":{"rendered":"OG\u0141OSZENIE \u00a0O \u00a0NABORZE NA\u00a0 WOLNE \u00a0STANOWISKO \u00a0PRACY &#8211; POMOC NAUCZYCIELA"},"content":{"rendered":"<p>Dyrektor Gminnego Przedszkola w Kosowie Lackim og\u0142asza nab\u00f3r na wolne stanowisko pracy<\/p>\n<p><strong>POMOC NAUCZYCIELA<\/strong><\/p>\n<ol>\n<li><strong>Wymagania niezb\u0119dne:<\/strong><\/li>\n<\/ol>\n<p>\u2013\u00a0 \u00a0 wykszta\u0142cenie co najmniej \u015brednie,<\/p>\n<p>\u2013\u00a0 \u00a0 umiej\u0119tno\u015b\u0107 wykonywania czynno\u015bci na powierzonym stanowisku,<\/p>\n<p>\u2013\u00a0 \u00a0 pe\u0142na zdolno\u015b\u0107 do czynno\u015bci prawnych oraz korzystanie z pe\u0142ni praw publicznych,<\/p>\n<p>\u2013\u00a0 \u00a0 niekaralno\u015b\u0107 za przest\u0119pstwo pope\u0142nione umy\u015blnie,<\/p>\n<p>\u2013\u00a0 \u00a0 stan zdrowia pozwalaj\u0105cy na wykonywanie pracy na stanowisku \u00a0pomoc nauczyciela<\/p>\n<p>&nbsp;<\/p>\n<ol start=\"2\">\n<li><strong>Wymagania dodatkowe:<\/strong><\/li>\n<\/ol>\n<p>\u2013\u00a0umiej\u0119tno\u015b\u0107\u00a0pracy\u00a0w\u00a0zespole\u00a0oraz\u00a0nawi\u0105zywania\u00a0dobrych\u00a0relacji\u00a0z\u00a0pracownikami \u00a0przedszkola, \u00a0\u00a0dzie\u0107mi i rodzicami,<\/p>\n<p>\u2013\u00a0 \u00a0 systematyczno\u015b\u0107, odpowiedzialno\u015b\u0107 i dyscyplina pracy,<\/p>\n<p>\u2013\u00a0 \u00a0 przestrzeganie podstawowych zasad moralnych,<\/p>\n<p>\u2013\u00a0 \u00a0 sumienno\u015b\u0107 i punktualno\u015b\u0107,<\/p>\n<p>\u2013\u00a0 \u00a0 troska o \u0142ad i porz\u0105dek w przedszkolu,<\/p>\n<p>\u2013\u00a0 \u00a0\u00a0umiej\u0119tno\u015b\u0107 radzenia sobie w sytuacjach trudnych (opieka nad dzie\u0107mi chorymi i w\u0142a\u015bciwe zachowanie si\u0119 w sytuacjach nag\u0142ych).<\/p>\n<p>&nbsp;<\/p>\n<ol start=\"3\">\n<li><strong> Zakres zada\u0144 wykonywanych na stanowisku:<\/strong><\/li>\n<\/ol>\n<p>\u2013 \u00a0dostarczenie posi\u0142k\u00f3w w\u00f3zkiem przeznaczonym do \u017cywno\u015bci z kuchni do sali<\/p>\n<p>&#8211;\u00a0 rozdawanie posi\u0142k\u00f3w\u00a0 dzieciom w sali oraz sprz\u0105tni\u0119cie po spo\u017cytych posi\u0142kach<\/p>\n<p>\u2013 pomoc nauczycielowi w organizowaniu i prowadzeniu pracy opieku\u0144czo-wychowawczej,<\/p>\n<p>\u2013 pomoc nauczycielowi w ubieraniu i rozbieraniu dzieci w sali i szatni oraz pomoc w opiece nad dzie\u0107mi,<\/p>\n<p>&#8211; czuwanie nad nale\u017cyt\u0105 higiena dzieci<\/p>\n<p>\u2013 utrzymywanie\u00a0 porz\u0105dku \u00a0w sali,<\/p>\n<p>&#8211; pomoc nauczycielowi w opiece nad dzie\u0107mi podczas spacer\u00f3w i wycieczek oraz na placu zabaw<\/p>\n<p>\u2013 dba\u0142o\u015b\u0107 o bezpiecze\u0144stwo i zdrowie wychowank\u00f3w.<\/p>\n<p>&nbsp;<\/p>\n<p>&nbsp;<\/p>\n<p><strong>4.Wymagane dokumenty<\/strong><\/p>\n<ol>\n<li>a) podanie o przyj\u0119cie do pracy<\/li>\n<li>b) Curriculum Vitae opatrzone klauzul\u0105- \u201eWyra\u017cam zgod\u0119 na przetwarzanie moich danych osobowych dla potrzeb niezb\u0119dnych do realizacji procesu rekrutacji (zgodnie z ustaw\u0105 z\u00a0dnia 10 maja 2018 roku o ochronie danych osobowych (Dz. U. z 2018, poz. 1000) oraz zgodnie z Rozporz\u0105dzeniem Parlamentu Europejskiego i Rady (UE) 2016\/679 z dnia 27 kwietnia 2016 r. w sprawie ochrony os\u00f3b fizycznych w zwi\u0105zku z przetwarzaniem danych osobowych i w sprawie swobodnego przep\u0142ywu takich danych oraz uchylenia dyrektywy 95\/46\/WE (RODO)\u201d<\/li>\n<li>c) kwestionariusz osobowy dla os\u00f3b ubiegaj\u0105cych si\u0119 o zatrudnienie <strong><em>(do pobrania)<\/em><\/strong><\/li>\n<li>c) kserokopie dokument\u00f3w potwierdzaj\u0105cych posiadane wyksztalcenie<\/li>\n<li>d) o\u015bwiadczenia:<\/li>\n<\/ol>\n<p>&#8211; \u00a0o pe\u0142nej zdolno\u015bci do czynno\u015bci prawnych oraz korzystanie z pe\u0142ni praw publicznych <strong><em>(do pobrania)<\/em><\/strong><\/p>\n<p>\u2013\u00a0 o niekaralno\u015bci za przest\u0119pstwo pope\u0142nione umy\u015blnie<strong><em> (do pobrania)<\/em><\/strong><\/p>\n<p>\u2013 o stanie zdrowia pozwalaj\u0105cym na wykonywanie pracy na stanowisku sprz\u0105taczki <strong><em>(do pobrania)<\/em><\/strong><\/p>\n<p><em>Wszystkie dokumenty aplikacyjne winny by\u0107 przez kandydata w\u0142asnor\u0119cznie podpisane. Aplikacja nie \u00a0zawieraj\u0105ca podpisanego o\u015bwiadczenia o wyra\u017ceniu zgody na przetwarzanie danych osobowych lub zawieraj\u0105ca o\u015bwiadczenie o wadliwej tre\u015bci\u00a0 nie b\u0119dzie uwzgl\u0119dniona w procesie rekrutacji.<\/em><\/p>\n<p><em>\u00a0<\/em><\/p>\n<ol start=\"5\">\n<li><strong>5. Termin i miejsce sk\u0142adania dokument\u00f3w:<\/strong><\/li>\n<\/ol>\n<p>Wymagane dokumenty aplikacyjne nale\u017cy\u00a0 z\u0142o\u017cy\u0107 osobi\u015bcie w zaklejonej kopercie w\u00a0sekretariacie Gminnego Przedszkola\u00a0 w Kosowie Lackim przy ul. Polnej 1 \u00a0 z dopiskiem \u201eNAB\u00d3R NA WOLNE STANOWISKO PRACY- POMOC NAUCZYCIELA\u201d <strong>\u00a0terminie do dnia 14 sierpnia 2025 roku\u00a0 do godz.16 <sup>00<\/sup>.<\/strong><\/p>\n<p>Dokumenty dor\u0119czone po w\/w terminie sk\u0142adania nie b\u0119d\u0105 rozpatrywane i podlegaj\u0105 zwrotowi.<\/p>\n<ol start=\"6\">\n<li><strong> Informacja o warunkach pracy na danym stanowisku<\/strong><\/li>\n<\/ol>\n<p>&#8211; wymiar czasu pracy:<strong> \u00be etatu<\/strong><\/p>\n<p>&#8211; forma zatrudnienia: <strong>umowa o prac\u0119<\/strong><\/p>\n<p>&#8211; data zawarcia umowy o prac\u0119: nie wcze\u015bniej ni\u017c od <strong>dnia 01.09.2025 r.<\/strong><\/p>\n<ol start=\"7\">\n<li><strong> Ochrona danych osobowych:<\/strong><\/li>\n<\/ol>\n<p>Zgodnie z art. 13 ust. 1 i 2 Rozporz\u0105dzenia Parlamentu Europejskiego i Rady (UE) 2016\/679 z\u00a0dnia 27 kwietnia 2016r. w sprawie ochrony os\u00f3b fizycznych w zwi\u0105zku z przetwarzaniem danych osobowych i w sprawie swobodnego przep\u0142ywu takich danych oraz uchylenia dyrektywy 95\/46\/WE (og\u00f3lne rozporz\u0105dzenie o ochronie danych), dalej \u201eRODO\u201d, informuj\u0119, \u017ce:<\/p>\n<ol>\n<li>Administratorem danych osobowych jest Dyrektor Gminnego Przedszkola w Kosowie Lackim, ul. Polna 1, 08-330 Kos\u00f3w Lacki.<\/li>\n<li>Inspektor ochrony danych jest dost\u0119pny pod adresem e-mail:\u00a0<a href=\"mailto:inspektor.rodo@naticom.pl\">rodo@naticom.pl<\/a><\/li>\n<li>Pani\/Pana dane osobowe przetwarzane b\u0119d\u0105 w celu realizacji i dokumentacji procesu rekrutacji na wolne stanowisko urz\u0119dnicze, a w przypadku zatrudnienia w celu realizacji umowy o prac\u0119 na podstawie art. 6 ust. 1 lit. a, b, c oraz art. 9 ust. 2 lit. b, g, h RODO, Kodeksu pracy.<\/li>\n<li>Dane osobowe mog\u0105 by\u0107 udost\u0119pniane innym podmiotom, uprawnionym do ich otrzymania na podstawie obowi\u0105zuj\u0105cych przepis\u00f3w prawa.<\/li>\n<li>Dane osobowe b\u0119d\u0105 przechowywane:<\/li>\n<\/ol>\n<ul>\n<li>w przypadku kandydat\u00f3w do pracy: przez okres 3 miesi\u0119cy od dnia zatrudnienia kandydata wy\u0142onionego w naborze (nab\u00f3r rozstrzygni\u0119ty), a w przypadku niewy\u0142onienia kandydata \u2013 przez okres 3 miesi\u0119cy od dnia upowszechnienia informacji o wyniku naboru (nab\u00f3r nierozstrzygni\u0119ty),<\/li>\n<li>w przypadku zatrudnienia: przez okres realizacji umowy o prac\u0119 oraz do czasu okre\u015blonego w przepisach o narodowym zasobie archiwalnym i archiwach<\/li>\n<\/ul>\n<p>6. Przys\u0142uguje Pani\/Panu prawo dost\u0119pu do tre\u015bci swoich danych, prawo ich sprostowania oraz prawo ograniczenia przetwarzania, a w przypadku danych przetwarzanych na podstawie\u00a0 \u00a0 \u00a0 \u00a0wyra\u017conej zgody r\u00f3wnie\u017c do ich usuni\u0119cia oraz cofni\u0119cia zgody przetwarzania danych osobowych w dowolnym momencie bez wp\u0142ywu na zgodno\u015b\u0107 z prawem przetwarzania, kt\u00f3rego\u00a0 \u00a0 \u00a0 \u00a0 \u00a0dokonano na podstawie zgody przed jej cofni\u0119ciem.<\/p>\n<p>7.Na niezgodne z prawem przetwarzanie Pani\/Pana danych osobowych przys\u0142uguje Pani\/Panu prawo wniesienia skargi do organu nadzorczego \u2013 Prezesa Urz\u0119du Ochrony Danych\u00a0 \u00a0 \u00a0 \u00a0 \u00a0 \u00a0Osobowych.<\/p>\n<p>8. Podanie danych osobowych jest wymogiem ustawowym. Jest Pani\/Pan zobowi\u0105zana\/y do ich podania, a konsekwencj\u0105 niepodania danych osobowych b\u0119dzie odrzucenie oferty aplikacyjnej z powodu brak\u00f3w formalnych lub brak mo\u017cliwo\u015bci zawarcia umowy o prac\u0119. Podanie danych osobowych wykraczaj\u0105cych poza wym\u00f3g ustawowy jest dobrowolne.<\/p>\n<p>9. Dane nie b\u0119d\u0105 przetwarzane w spos\u00f3b zautomatyzowany, w tym r\u00f3wnie\u017c w formie profilowania.<\/p>\n<p><strong>DO\u00a0 POBRANIA:<\/strong><\/p>\n<ul>\n<li><a href=\"http:\/\/przedszkole.kosowlacki.pl\/wordpress\/wp-content\/uploads\/2025\/07\/kwestionariusz-1-3-2-1.docx\">Kwestionariusz<\/a><\/li>\n<li><a href=\"http:\/\/przedszkole.kosowlacki.pl\/wordpress\/wp-content\/uploads\/2025\/08\/Oswiadczenie_-o-stanie-zdrowia-POMOC-NAUCZYCIELA.docx\">O\u015bwiadczenie o stanie zdrowia<\/a><\/li>\n<li><a href=\"http:\/\/przedszkole.kosowlacki.pl\/wordpress\/wp-content\/uploads\/2025\/07\/Oswiadczenie_o_niekaralnosci-1-1-3-2.docx\">O\u015bwiadczenie o niekaralno\u015bci<\/a><\/li>\n<li><a href=\"http:\/\/przedszkole.kosowlacki.pl\/wordpress\/wp-content\/uploads\/2025\/07\/Oswiadczenie-pelna_zdolnosc_do_czynnosci_prawnych_obyw_opinia-1-3-2.docx\">O\u015bwiadczenie o zdolno\u015bci do czynno\u015bci prawnych<\/a><\/li>\n<\/ul>\n<p>&nbsp;<\/p>\n<p style=\"text-align: right;\">Dyrektor Przedszkola<\/p>\n<p style=\"text-align: right;\">\u00a0 Agnieszka Ajdys<\/p>\n","protected":false},"excerpt":{"rendered":"<p>Dyrektor Gminnego Przedszkola w Kosowie Lackim og\u0142asza nab\u00f3r na wolne stanowisko pracy POMOC NAUCZYCIELA Wymagania niezb\u0119dne: \u2013\u00a0 \u00a0 wykszta\u0142cenie co najmniej \u015brednie, \u2013\u00a0 \u00a0 umiej\u0119tno\u015b\u0107 wykonywania czynno\u015bci na powierzonym stanowisku, \u2013\u00a0 \u00a0 pe\u0142na zdolno\u015b\u0107 do czynno\u015bci prawnych oraz korzystanie z pe\u0142ni praw publicznych, \u2013\u00a0 \u00a0 niekaralno\u015b\u0107 za przest\u0119pstwo pope\u0142nione umy\u015blnie, \u2013\u00a0 \u00a0 stan zdrowia pozwalaj\u0105cy&hellip; <br \/> <a class=\"read-more\" href=\"http:\/\/przedszkole.kosowlacki.pl\/wordpress\/ogloszenie-o-naborze-na-wolne-stanowisko-pracy-2\/\">Read more<\/a><\/p>\n","protected":false},"author":9,"featured_media":0,"comment_status":"open","ping_status":"open","sticky":false,"template":"","format":"standard","meta":[],"categories":[11],"tags":[],"_links":{"self":[{"href":"http:\/\/przedszkole.kosowlacki.pl\/wordpress\/wp-json\/wp\/v2\/posts\/21984"}],"collection":[{"href":"http:\/\/przedszkole.kosowlacki.pl\/wordpress\/wp-json\/wp\/v2\/posts"}],"about":[{"href":"http:\/\/przedszkole.kosowlacki.pl\/wordpress\/wp-json\/wp\/v2\/types\/post"}],"author":[{"embeddable":true,"href":"http:\/\/przedszkole.kosowlacki.pl\/wordpress\/wp-json\/wp\/v2\/users\/9"}],"replies":[{"embeddable":true,"href":"http:\/\/przedszkole.kosowlacki.pl\/wordpress\/wp-json\/wp\/v2\/comments?post=21984"}],"version-history":[{"count":2,"href":"http:\/\/przedszkole.kosowlacki.pl\/wordpress\/wp-json\/wp\/v2\/posts\/21984\/revisions"}],"predecessor-version":[{"id":21987,"href":"http:\/\/przedszkole.kosowlacki.pl\/wordpress\/wp-json\/wp\/v2\/posts\/21984\/revisions\/21987"}],"wp:attachment":[{"href":"http:\/\/przedszkole.kosowlacki.pl\/wordpress\/wp-json\/wp\/v2\/media?parent=21984"}],"wp:term":[{"taxonomy":"category","embeddable":true,"href":"http:\/\/przedszkole.kosowlacki.pl\/wordpress\/wp-json\/wp\/v2\/categories?post=21984"},{"taxonomy":"post_tag","embeddable":true,"href":"http:\/\/przedszkole.kosowlacki.pl\/wordpress\/wp-json\/wp\/v2\/tags?post=21984"}],"curies":[{"name":"wp","href":"https:\/\/api.w.org\/{rel}","templated":true}]}}