{"id":21964,"date":"2025-07-12T13:41:01","date_gmt":"2025-07-12T11:41:01","guid":{"rendered":"http:\/\/przedszkole.kosowlacki.pl\/wordpress\/?p=21964"},"modified":"2025-07-12T13:42:10","modified_gmt":"2025-07-12T11:42:10","slug":"kiermasz-charytatywny","status":"publish","type":"post","link":"http:\/\/przedszkole.kosowlacki.pl\/wordpress\/kiermasz-charytatywny\/","title":{"rendered":"KIERMASZ CHARYTATYWNY"},"content":{"rendered":"<div dir=\"auto\">12 lipca 2025 r. przy\u00a0 MGOK- u w Kosowie Lackim\u00a0 odby\u0142 si\u0119 Kiermasz Charytatywny na rzecz leczenia Poli M\u0142y\u0144skiej.<\/div>\n<div dir=\"auto\">Podczas tej akcji zebrano <strong>17 990z\u0142.<\/strong><\/div>\n<div dir=\"auto\">Bardzo serdecznie dzi\u0119kujemy wszystkim zaanga\u017cowanym w organizacj\u0119 i wszystkim, kt\u00f3rzy wsparli t\u0119 inicjatyw\u0119.<\/div>\n<div dir=\"auto\">Poli, kt\u00f3ra jest wychowank\u0105 naszego przedszkola \u017cyczymy du\u017co zdrowia.<\/div>\n<div dir=\"auto\">Poni\u017cej protok\u00f3\u0142 z przeprowadzonej zbi\u00f3rki.<\/div>\n<div dir=\"auto\"><a href=\"http:\/\/przedszkole.kosowlacki.pl\/wordpress\/kiermasz-charytatywny\/e25a4871-3866-4a31-a956-c2285ec708dc\/\" rel=\"attachment wp-att-21965\"><img loading=\"lazy\" class=\"alignnone size-full wp-image-21965\" src=\"http:\/\/przedszkole.kosowlacki.pl\/wordpress\/wp-content\/uploads\/2025\/07\/e25a4871-3866-4a31-a956-c2285ec708dc.jpg\" alt=\"\" width=\"768\" height=\"1024\" srcset=\"http:\/\/przedszkole.kosowlacki.pl\/wordpress\/wp-content\/uploads\/2025\/07\/e25a4871-3866-4a31-a956-c2285ec708dc.jpg 768w, http:\/\/przedszkole.kosowlacki.pl\/wordpress\/wp-content\/uploads\/2025\/07\/e25a4871-3866-4a31-a956-c2285ec708dc-225x300.jpg 225w\" sizes=\"(max-width: 768px) 100vw, 768px\" \/><\/a><\/div>\n","protected":false},"excerpt":{"rendered":"<p>12 lipca 2025 r. przy\u00a0 MGOK- u w Kosowie Lackim\u00a0 odby\u0142 si\u0119 Kiermasz Charytatywny na rzecz leczenia Poli M\u0142y\u0144skiej. Podczas tej akcji zebrano 17 990z\u0142. Bardzo serdecznie dzi\u0119kujemy wszystkim zaanga\u017cowanym w organizacj\u0119 i wszystkim, kt\u00f3rzy wsparli t\u0119 inicjatyw\u0119. Poli, kt\u00f3ra jest wychowank\u0105 naszego przedszkola \u017cyczymy du\u017co zdrowia. Poni\u017cej protok\u00f3\u0142 z przeprowadzonej zbi\u00f3rki.<\/p>\n","protected":false},"author":9,"featured_media":0,"comment_status":"open","ping_status":"open","sticky":false,"template":"","format":"standard","meta":[],"categories":[1],"tags":[],"_links":{"self":[{"href":"http:\/\/przedszkole.kosowlacki.pl\/wordpress\/wp-json\/wp\/v2\/posts\/21964"}],"collection":[{"href":"http:\/\/przedszkole.kosowlacki.pl\/wordpress\/wp-json\/wp\/v2\/posts"}],"about":[{"href":"http:\/\/przedszkole.kosowlacki.pl\/wordpress\/wp-json\/wp\/v2\/types\/post"}],"author":[{"embeddable":true,"href":"http:\/\/przedszkole.kosowlacki.pl\/wordpress\/wp-json\/wp\/v2\/users\/9"}],"replies":[{"embeddable":true,"href":"http:\/\/przedszkole.kosowlacki.pl\/wordpress\/wp-json\/wp\/v2\/comments?post=21964"}],"version-history":[{"count":4,"href":"http:\/\/przedszkole.kosowlacki.pl\/wordpress\/wp-json\/wp\/v2\/posts\/21964\/revisions"}],"predecessor-version":[{"id":21969,"href":"http:\/\/przedszkole.kosowlacki.pl\/wordpress\/wp-json\/wp\/v2\/posts\/21964\/revisions\/21969"}],"wp:attachment":[{"href":"http:\/\/przedszkole.kosowlacki.pl\/wordpress\/wp-json\/wp\/v2\/media?parent=21964"}],"wp:term":[{"taxonomy":"category","embeddable":true,"href":"http:\/\/przedszkole.kosowlacki.pl\/wordpress\/wp-json\/wp\/v2\/categories?post=21964"},{"taxonomy":"post_tag","embeddable":true,"href":"http:\/\/przedszkole.kosowlacki.pl\/wordpress\/wp-json\/wp\/v2\/tags?post=21964"}],"curies":[{"name":"wp","href":"https:\/\/api.w.org\/{rel}","templated":true}]}}