{"id":21608,"date":"2025-06-09T11:37:47","date_gmt":"2025-06-09T09:37:47","guid":{"rendered":"http:\/\/przedszkole.kosowlacki.pl\/wordpress\/?p=21608"},"modified":"2025-06-09T11:37:59","modified_gmt":"2025-06-09T09:37:59","slug":"ogloszenie-2-2","status":"publish","type":"post","link":"http:\/\/przedszkole.kosowlacki.pl\/wordpress\/ogloszenie-2-2\/","title":{"rendered":"OG\u0141OSZENIE 2"},"content":{"rendered":"<p>Rodzice,<\/p>\n<p>kt\u00f3rzy zg\u0142osili dzieci na dy\u017cur wakacyjny &#8211; sierpniowy<\/p>\n<p>mog\u0105 uzyska\u0107 informacj\u0119 o wysoko\u015bci op\u0142at<\/p>\n<p>za \u017cywienie w sekretariacie przedszkola.<\/p>\n<p>Op\u0142at\u0119 nale\u017cy uregulowa\u0107 do dnia 1. 08. 2025 r.<\/p>\n","protected":false},"excerpt":{"rendered":"<p>Rodzice, kt\u00f3rzy zg\u0142osili dzieci na dy\u017cur wakacyjny &#8211; sierpniowy mog\u0105 uzyska\u0107 informacj\u0119 o wysoko\u015bci op\u0142at za \u017cywienie w sekretariacie przedszkola. Op\u0142at\u0119 nale\u017cy uregulowa\u0107 do dnia 1. 08. 2025 r.<\/p>\n","protected":false},"author":9,"featured_media":0,"comment_status":"open","ping_status":"open","sticky":false,"template":"","format":"standard","meta":[],"categories":[11],"tags":[],"_links":{"self":[{"href":"http:\/\/przedszkole.kosowlacki.pl\/wordpress\/wp-json\/wp\/v2\/posts\/21608"}],"collection":[{"href":"http:\/\/przedszkole.kosowlacki.pl\/wordpress\/wp-json\/wp\/v2\/posts"}],"about":[{"href":"http:\/\/przedszkole.kosowlacki.pl\/wordpress\/wp-json\/wp\/v2\/types\/post"}],"author":[{"embeddable":true,"href":"http:\/\/przedszkole.kosowlacki.pl\/wordpress\/wp-json\/wp\/v2\/users\/9"}],"replies":[{"embeddable":true,"href":"http:\/\/przedszkole.kosowlacki.pl\/wordpress\/wp-json\/wp\/v2\/comments?post=21608"}],"version-history":[{"count":2,"href":"http:\/\/przedszkole.kosowlacki.pl\/wordpress\/wp-json\/wp\/v2\/posts\/21608\/revisions"}],"predecessor-version":[{"id":21610,"href":"http:\/\/przedszkole.kosowlacki.pl\/wordpress\/wp-json\/wp\/v2\/posts\/21608\/revisions\/21610"}],"wp:attachment":[{"href":"http:\/\/przedszkole.kosowlacki.pl\/wordpress\/wp-json\/wp\/v2\/media?parent=21608"}],"wp:term":[{"taxonomy":"category","embeddable":true,"href":"http:\/\/przedszkole.kosowlacki.pl\/wordpress\/wp-json\/wp\/v2\/categories?post=21608"},{"taxonomy":"post_tag","embeddable":true,"href":"http:\/\/przedszkole.kosowlacki.pl\/wordpress\/wp-json\/wp\/v2\/tags?post=21608"}],"curies":[{"name":"wp","href":"https:\/\/api.w.org\/{rel}","templated":true}]}}