{"id":21606,"date":"2025-06-09T11:35:46","date_gmt":"2025-06-09T09:35:46","guid":{"rendered":"http:\/\/przedszkole.kosowlacki.pl\/wordpress\/?p=21606"},"modified":"2025-06-09T11:35:51","modified_gmt":"2025-06-09T09:35:51","slug":"ogloszenie-1","status":"publish","type":"post","link":"http:\/\/przedszkole.kosowlacki.pl\/wordpress\/ogloszenie-1\/","title":{"rendered":"OG\u0141OSZENIE 1"},"content":{"rendered":"<p>W zwi\u0105zku z zako\u0144czeniem roku szkolnego 2024\/2025 prosimy Rodzic\u00f3w o jak najszybsze uregulowanie op\u0142at<\/p>\n<p><strong>\u017cywienie za miesi\u0105c czerwiec i godziny za miesi\u0105c maj i czerwiec.<\/strong><\/p>\n<p>Godziny za miesi\u0105c czerwic b\u0119d\u0105 naliczone <strong>23.06.2025 r.<\/strong><\/p>\n<p>i nale\u017cy je uregulowa\u0107 w dniach\u00a0 \u00a0<strong>23.06.2025r. &#8211; 30.06.2025 r<\/strong>.<\/p>\n<p>&nbsp;<\/p>\n","protected":false},"excerpt":{"rendered":"<p>W zwi\u0105zku z zako\u0144czeniem roku szkolnego 2024\/2025 prosimy Rodzic\u00f3w o jak najszybsze uregulowanie op\u0142at \u017cywienie za miesi\u0105c czerwiec i godziny za miesi\u0105c maj i czerwiec. Godziny za miesi\u0105c czerwic b\u0119d\u0105 naliczone 23.06.2025 r. i nale\u017cy je uregulowa\u0107 w dniach\u00a0 \u00a023.06.2025r. &#8211; 30.06.2025 r. &nbsp;<\/p>\n","protected":false},"author":9,"featured_media":0,"comment_status":"open","ping_status":"open","sticky":false,"template":"","format":"standard","meta":[],"categories":[11],"tags":[],"_links":{"self":[{"href":"http:\/\/przedszkole.kosowlacki.pl\/wordpress\/wp-json\/wp\/v2\/posts\/21606"}],"collection":[{"href":"http:\/\/przedszkole.kosowlacki.pl\/wordpress\/wp-json\/wp\/v2\/posts"}],"about":[{"href":"http:\/\/przedszkole.kosowlacki.pl\/wordpress\/wp-json\/wp\/v2\/types\/post"}],"author":[{"embeddable":true,"href":"http:\/\/przedszkole.kosowlacki.pl\/wordpress\/wp-json\/wp\/v2\/users\/9"}],"replies":[{"embeddable":true,"href":"http:\/\/przedszkole.kosowlacki.pl\/wordpress\/wp-json\/wp\/v2\/comments?post=21606"}],"version-history":[{"count":1,"href":"http:\/\/przedszkole.kosowlacki.pl\/wordpress\/wp-json\/wp\/v2\/posts\/21606\/revisions"}],"predecessor-version":[{"id":21607,"href":"http:\/\/przedszkole.kosowlacki.pl\/wordpress\/wp-json\/wp\/v2\/posts\/21606\/revisions\/21607"}],"wp:attachment":[{"href":"http:\/\/przedszkole.kosowlacki.pl\/wordpress\/wp-json\/wp\/v2\/media?parent=21606"}],"wp:term":[{"taxonomy":"category","embeddable":true,"href":"http:\/\/przedszkole.kosowlacki.pl\/wordpress\/wp-json\/wp\/v2\/categories?post=21606"},{"taxonomy":"post_tag","embeddable":true,"href":"http:\/\/przedszkole.kosowlacki.pl\/wordpress\/wp-json\/wp\/v2\/tags?post=21606"}],"curies":[{"name":"wp","href":"https:\/\/api.w.org\/{rel}","templated":true}]}}