{"id":21557,"date":"2025-06-09T10:03:33","date_gmt":"2025-06-09T08:03:33","guid":{"rendered":"http:\/\/przedszkole.kosowlacki.pl\/wordpress\/?p=21557"},"modified":"2025-06-09T10:03:33","modified_gmt":"2025-06-09T08:03:33","slug":"magiczne-ogrody","status":"publish","type":"post","link":"http:\/\/przedszkole.kosowlacki.pl\/wordpress\/magiczne-ogrody\/","title":{"rendered":"MAGICZNE OGRODY"},"content":{"rendered":"<p>&nbsp;<\/p>\n<p style=\"text-align: center;\">Dnia 05.06.2025r. dzieci 5-6 letnie pojecha\u0142y do \u201eMagicznych Ogrod\u00f3w\u201d, kt\u00f3re s\u0105 pierwszym w Polsce rodzinnym parkiem tematycznym, stworzonym w oparciu o oryginaln\u0105 ba\u015bniow\u0105 histori\u0119. W\u015br\u00f3d setek kwiat\u00f3w, drzew i krzew\u00f3w dzieci oprowadzane przez animatora, odkrywa\u0142y bajeczne krainy zamieszka\u0142e przez niezwyk\u0142e istoty. Wszystkie atrakcje, to wyzwania buduj\u0105ce pewno\u015b\u0107 siebie i poczucie warto\u015bci. Ca\u0142o\u015b\u0107 to przygoda, kontakt z natur\u0105 i ciekawie, a przede wszystkim wsp\u00f3lnie sp\u0119dzony czas.<\/p>\n<p style=\"text-align: center;\">Wyjazd do \u201eMagicznych ogrod\u00f3w\u201d dzieci b\u0119d\u0105 d\u0142ugo wspomina\u0107, gdy\u017c dostarczy\u0142 i im wielu niezapomnianych wra\u017ce\u0144.<\/p>\n<p>&nbsp;<\/p>\n<p style=\"text-align: right;\">E. Godlewska<\/p>\n","protected":false},"excerpt":{"rendered":"<p>&nbsp; Dnia 05.06.2025r. dzieci 5-6 letnie pojecha\u0142y do \u201eMagicznych Ogrod\u00f3w\u201d, kt\u00f3re s\u0105 pierwszym w Polsce rodzinnym parkiem tematycznym, stworzonym w oparciu o oryginaln\u0105 ba\u015bniow\u0105 histori\u0119. W\u015br\u00f3d setek kwiat\u00f3w, drzew i krzew\u00f3w dzieci oprowadzane przez animatora, odkrywa\u0142y bajeczne krainy zamieszka\u0142e przez niezwyk\u0142e istoty. Wszystkie atrakcje, to wyzwania buduj\u0105ce pewno\u015b\u0107 siebie i poczucie warto\u015bci. Ca\u0142o\u015b\u0107 to przygoda,&hellip; <br \/> <a class=\"read-more\" href=\"http:\/\/przedszkole.kosowlacki.pl\/wordpress\/magiczne-ogrody\/\">Read more<\/a><\/p>\n","protected":false},"author":9,"featured_media":0,"comment_status":"open","ping_status":"open","sticky":false,"template":"","format":"standard","meta":[],"categories":[10],"tags":[],"_links":{"self":[{"href":"http:\/\/przedszkole.kosowlacki.pl\/wordpress\/wp-json\/wp\/v2\/posts\/21557"}],"collection":[{"href":"http:\/\/przedszkole.kosowlacki.pl\/wordpress\/wp-json\/wp\/v2\/posts"}],"about":[{"href":"http:\/\/przedszkole.kosowlacki.pl\/wordpress\/wp-json\/wp\/v2\/types\/post"}],"author":[{"embeddable":true,"href":"http:\/\/przedszkole.kosowlacki.pl\/wordpress\/wp-json\/wp\/v2\/users\/9"}],"replies":[{"embeddable":true,"href":"http:\/\/przedszkole.kosowlacki.pl\/wordpress\/wp-json\/wp\/v2\/comments?post=21557"}],"version-history":[{"count":2,"href":"http:\/\/przedszkole.kosowlacki.pl\/wordpress\/wp-json\/wp\/v2\/posts\/21557\/revisions"}],"predecessor-version":[{"id":21559,"href":"http:\/\/przedszkole.kosowlacki.pl\/wordpress\/wp-json\/wp\/v2\/posts\/21557\/revisions\/21559"}],"wp:attachment":[{"href":"http:\/\/przedszkole.kosowlacki.pl\/wordpress\/wp-json\/wp\/v2\/media?parent=21557"}],"wp:term":[{"taxonomy":"category","embeddable":true,"href":"http:\/\/przedszkole.kosowlacki.pl\/wordpress\/wp-json\/wp\/v2\/categories?post=21557"},{"taxonomy":"post_tag","embeddable":true,"href":"http:\/\/przedszkole.kosowlacki.pl\/wordpress\/wp-json\/wp\/v2\/tags?post=21557"}],"curies":[{"name":"wp","href":"https:\/\/api.w.org\/{rel}","templated":true}]}}