{"id":21533,"date":"2025-06-05T13:46:28","date_gmt":"2025-06-05T11:46:28","guid":{"rendered":"http:\/\/przedszkole.kosowlacki.pl\/wordpress\/?p=21533"},"modified":"2025-06-05T13:49:44","modified_gmt":"2025-06-05T11:49:44","slug":"akcja-profilaktyczna-w-przedszkolu","status":"publish","type":"post","link":"http:\/\/przedszkole.kosowlacki.pl\/wordpress\/akcja-profilaktyczna-w-przedszkolu\/","title":{"rendered":"Akcja profilaktyczna w przedszkolu"},"content":{"rendered":"<p style=\"text-align: left;\">W naszym przedszkolu zorganizowana zosta\u0142a akcja profilaktyczna, maj\u0105ca na celu zwi\u0119kszenie \u015bwiadomo\u015bci dzieci w zakresie:<br \/>\n\u2022 bezpiecznego korzystania z Internetu,<br \/>\n\u2022 rozpoznawania objaw\u00f3w depresji,<br \/>\n\u2022 zasad zdrowego od\u017cywiania.<\/p>\n<p style=\"text-align: left;\">W ramach dzia\u0142a\u0144 odby\u0142a si\u0119 r\u00f3wnie\u017c promocja kampanii \u201eZachowaj Trze\u017awy Umys\u0142\u201d.<br \/>\nCelem kampanii by\u0142o promowanie zdrowego stylu \u017cycia oraz kszta\u0142towanie \u015bwiadomo\u015bci dotycz\u0105cej znaczenia trze\u017awo\u015bci umys\u0142u w podejmowaniu m\u0105drych i odpowiedzialnych decyzji \u2013 zar\u00f3wno w codziennych sytuacjach, jak i w d\u0142u\u017cszej perspektywie. Z tej okazji w grupach 6-latk\u00f3w przeprowadzone zosta\u0142y pogadanki, a dzieci narysowa\u0142y tematyczne plakaty. Otrzyma\u0142y upominki w postaci odblaskowych opasek i kamizelek, kt\u00f3re maj\u0105 na celu popraw\u0119 ich bezpiecze\u0144stwa na drodze \u2013 szczeg\u00f3lnie podczas spacer\u00f3w i w drodze do przedszkola. 12 dzieci, kt\u00f3rych prace wyr\u00f3\u017cnia\u0142y si\u0119 otrzyma\u0142o dodatkowo kubki.<\/p>\n<p style=\"text-align: left;\">Serdecznie dzi\u0119kujemy Gminnej Komisji ds. Rozwi\u0105zywania Problem\u00f3w Alkoholowych za upominki oraz Paniom z Rady Rodzic\u00f3w za pomoc.<\/p>\n<p style=\"text-align: right;\">P. Osipiak<\/p>\n","protected":false},"excerpt":{"rendered":"<p>W naszym przedszkolu zorganizowana zosta\u0142a akcja profilaktyczna, maj\u0105ca na celu zwi\u0119kszenie \u015bwiadomo\u015bci dzieci w zakresie: \u2022 bezpiecznego korzystania z Internetu, \u2022 rozpoznawania objaw\u00f3w depresji, \u2022 zasad zdrowego od\u017cywiania. W ramach dzia\u0142a\u0144 odby\u0142a si\u0119 r\u00f3wnie\u017c promocja kampanii \u201eZachowaj Trze\u017awy Umys\u0142\u201d. Celem kampanii by\u0142o promowanie zdrowego stylu \u017cycia oraz kszta\u0142towanie \u015bwiadomo\u015bci dotycz\u0105cej znaczenia trze\u017awo\u015bci umys\u0142u w podejmowaniu&hellip; <br \/> <a class=\"read-more\" href=\"http:\/\/przedszkole.kosowlacki.pl\/wordpress\/akcja-profilaktyczna-w-przedszkolu\/\">Read more<\/a><\/p>\n","protected":false},"author":9,"featured_media":0,"comment_status":"open","ping_status":"open","sticky":false,"template":"","format":"standard","meta":[],"categories":[10],"tags":[],"_links":{"self":[{"href":"http:\/\/przedszkole.kosowlacki.pl\/wordpress\/wp-json\/wp\/v2\/posts\/21533"}],"collection":[{"href":"http:\/\/przedszkole.kosowlacki.pl\/wordpress\/wp-json\/wp\/v2\/posts"}],"about":[{"href":"http:\/\/przedszkole.kosowlacki.pl\/wordpress\/wp-json\/wp\/v2\/types\/post"}],"author":[{"embeddable":true,"href":"http:\/\/przedszkole.kosowlacki.pl\/wordpress\/wp-json\/wp\/v2\/users\/9"}],"replies":[{"embeddable":true,"href":"http:\/\/przedszkole.kosowlacki.pl\/wordpress\/wp-json\/wp\/v2\/comments?post=21533"}],"version-history":[{"count":4,"href":"http:\/\/przedszkole.kosowlacki.pl\/wordpress\/wp-json\/wp\/v2\/posts\/21533\/revisions"}],"predecessor-version":[{"id":21537,"href":"http:\/\/przedszkole.kosowlacki.pl\/wordpress\/wp-json\/wp\/v2\/posts\/21533\/revisions\/21537"}],"wp:attachment":[{"href":"http:\/\/przedszkole.kosowlacki.pl\/wordpress\/wp-json\/wp\/v2\/media?parent=21533"}],"wp:term":[{"taxonomy":"category","embeddable":true,"href":"http:\/\/przedszkole.kosowlacki.pl\/wordpress\/wp-json\/wp\/v2\/categories?post=21533"},{"taxonomy":"post_tag","embeddable":true,"href":"http:\/\/przedszkole.kosowlacki.pl\/wordpress\/wp-json\/wp\/v2\/tags?post=21533"}],"curies":[{"name":"wp","href":"https:\/\/api.w.org\/{rel}","templated":true}]}}