{"id":21234,"date":"2025-06-02T14:16:49","date_gmt":"2025-06-02T12:16:49","guid":{"rendered":"http:\/\/przedszkole.kosowlacki.pl\/wordpress\/?p=21234"},"modified":"2025-06-02T14:16:49","modified_gmt":"2025-06-02T12:16:49","slug":"dzien-dziecka-8","status":"publish","type":"post","link":"http:\/\/przedszkole.kosowlacki.pl\/wordpress\/dzien-dziecka-8\/","title":{"rendered":"Dzie\u0144 Dziecka"},"content":{"rendered":"<p><em>Idzie misio, idzie s\u0142onik, idzie lalka no i konik!<br \/>\nWszyscy razem z balonami i szczerymi \u017cyczeniami.<\/em><br \/>\n<em>Wszystkiego najlepszego w Dniu Dziecka!<\/em><\/p>\n<p><em>\u00a0<\/em><\/p>\n<p>Dzie\u0144 Dziecka w naszym przedszkolu obchodzimy niezwykle rado\u015bnie. U\u015bmiechy nie schodz\u0105 z twarzy, a to za spraw\u0105 atrakcji przygotowanych dla naszych przedszkolak\u00f3w. Od rana kr\u00f3lowa\u0142y szale\u0144stwa na dmucha\u0144cach, na boisku animatorki zorganizowa\u0142y dla dzieci zabawy ruchowe z u\u017cyciem chust, hula-hop i innych atrakcyjnych gad\u017cet\u00f3w. Nie zabrak\u0142o baniek mydlanych i s\u0142odkiego pocz\u0119stunku w postaci lod\u00f3w. Niespodziank\u0105 dla dzieci by\u0142a wizyta pluszowego Sticha, do kt\u00f3rego mo\u017cna si\u0119 by\u0142o si\u0119 przytuli\u0107, przybi\u0107 pi\u0105tk\u0119 i zrobi\u0107 zdj\u0119cie. Pogoda jak \u00a0co roku nam dopisa\u0142a, s\u0142o\u0144ce \u015bwieci\u0142o i dzieci mog\u0142y w pe\u0142ni wykorzysta\u0107 ten dzie\u0144. Za organizacj\u0119 Dnia Dziecka dzi\u0119kujemy Radzie Rodzic\u00f3w, Burmistrzowi Miasta i Gminy Kos\u00f3w Lacki oraz sieci handlowej \u00a0TOPAZ. Dzi\u0119ki Pa\u0144stwa pomys\u0142owo\u015bci, hojno\u015bci i wsp\u00f3lnej pracy uda\u0142o si\u0119 stworzy\u0107 dzieciom wyj\u0105tkowy dzie\u0144, pe\u0142en u\u015bmiechu i niezapomnianych wra\u017ce\u0144.<\/p>\n<p>&nbsp;<\/p>\n<p style=\"text-align: left;\">Dyrekcja, Grono Pedagogiczne i Przedszkolaki<\/p>\n<p>&nbsp;<\/p>\n<p style=\"text-align: right;\">A. Ferenc<\/p>\n","protected":false},"excerpt":{"rendered":"<p>Idzie misio, idzie s\u0142onik, idzie lalka no i konik! Wszyscy razem z balonami i szczerymi \u017cyczeniami. Wszystkiego najlepszego w Dniu Dziecka! \u00a0 Dzie\u0144 Dziecka w naszym przedszkolu obchodzimy niezwykle rado\u015bnie. U\u015bmiechy nie schodz\u0105 z twarzy, a to za spraw\u0105 atrakcji przygotowanych dla naszych przedszkolak\u00f3w. Od rana kr\u00f3lowa\u0142y szale\u0144stwa na dmucha\u0144cach, na boisku animatorki zorganizowa\u0142y dla&hellip; <br \/> <a class=\"read-more\" href=\"http:\/\/przedszkole.kosowlacki.pl\/wordpress\/dzien-dziecka-8\/\">Read more<\/a><\/p>\n","protected":false},"author":8,"featured_media":0,"comment_status":"open","ping_status":"open","sticky":false,"template":"","format":"standard","meta":[],"categories":[10],"tags":[],"_links":{"self":[{"href":"http:\/\/przedszkole.kosowlacki.pl\/wordpress\/wp-json\/wp\/v2\/posts\/21234"}],"collection":[{"href":"http:\/\/przedszkole.kosowlacki.pl\/wordpress\/wp-json\/wp\/v2\/posts"}],"about":[{"href":"http:\/\/przedszkole.kosowlacki.pl\/wordpress\/wp-json\/wp\/v2\/types\/post"}],"author":[{"embeddable":true,"href":"http:\/\/przedszkole.kosowlacki.pl\/wordpress\/wp-json\/wp\/v2\/users\/8"}],"replies":[{"embeddable":true,"href":"http:\/\/przedszkole.kosowlacki.pl\/wordpress\/wp-json\/wp\/v2\/comments?post=21234"}],"version-history":[{"count":1,"href":"http:\/\/przedszkole.kosowlacki.pl\/wordpress\/wp-json\/wp\/v2\/posts\/21234\/revisions"}],"predecessor-version":[{"id":21235,"href":"http:\/\/przedszkole.kosowlacki.pl\/wordpress\/wp-json\/wp\/v2\/posts\/21234\/revisions\/21235"}],"wp:attachment":[{"href":"http:\/\/przedszkole.kosowlacki.pl\/wordpress\/wp-json\/wp\/v2\/media?parent=21234"}],"wp:term":[{"taxonomy":"category","embeddable":true,"href":"http:\/\/przedszkole.kosowlacki.pl\/wordpress\/wp-json\/wp\/v2\/categories?post=21234"},{"taxonomy":"post_tag","embeddable":true,"href":"http:\/\/przedszkole.kosowlacki.pl\/wordpress\/wp-json\/wp\/v2\/tags?post=21234"}],"curies":[{"name":"wp","href":"https:\/\/api.w.org\/{rel}","templated":true}]}}