{"id":20922,"date":"2025-04-30T12:18:40","date_gmt":"2025-04-30T10:18:40","guid":{"rendered":"http:\/\/przedszkole.kosowlacki.pl\/wordpress\/?p=20922"},"modified":"2025-04-30T12:18:40","modified_gmt":"2025-04-30T10:18:40","slug":"festiwal-piosenki-o-zdrowiu-2","status":"publish","type":"post","link":"http:\/\/przedszkole.kosowlacki.pl\/wordpress\/festiwal-piosenki-o-zdrowiu-2\/","title":{"rendered":"Festiwal Piosenki o Zdrowiu"},"content":{"rendered":"<p>29.04.2025r. \u00a06- latki z grup Motylki i S\u0142oneczka, reprezentowa\u0142y nas na Festiwalu Piosenki o Zdrowiu w Sterdyni, kt\u00f3rego organizatorem jest PSSE Soko\u0142\u00f3w Podlaski. Konkurs mia\u0142 na celu promowanie zdrowego stylu \u017cycia oraz edukacj\u0119 zdrowotn\u0105. Nasze przedszkolaki zaprezentowa\u0142y piosenk\u0119 wraz z uk\u0142adem tanecznym pt. \u201eRuszam si\u0119\u201d. Na scenie prezentowa\u0142y si\u0119 wspaniale. Pierwszy wyst\u0119p na du\u017cej scenie, przy tak du\u017cej publiczno\u015bci maj\u0105 ju\u017c na sob\u0105. Serdeczne gratulacje za odwag\u0119 i zdolno\u015bci artystyczne dla naszych 6-latk\u00f3w!<\/p>\n<p>&nbsp;<\/p>\n<p>&nbsp;<\/p>\n<p>&nbsp;<\/p>\n<p>&nbsp;<\/p>\n<p style=\"text-align: right;\">A. Ferenc<\/p>\n","protected":false},"excerpt":{"rendered":"<p>29.04.2025r. \u00a06- latki z grup Motylki i S\u0142oneczka, reprezentowa\u0142y nas na Festiwalu Piosenki o Zdrowiu w Sterdyni, kt\u00f3rego organizatorem jest PSSE Soko\u0142\u00f3w Podlaski. Konkurs mia\u0142 na celu promowanie zdrowego stylu \u017cycia oraz edukacj\u0119 zdrowotn\u0105. Nasze przedszkolaki zaprezentowa\u0142y piosenk\u0119 wraz z uk\u0142adem tanecznym pt. \u201eRuszam si\u0119\u201d. Na scenie prezentowa\u0142y si\u0119 wspaniale. Pierwszy wyst\u0119p na du\u017cej scenie,&hellip; <br \/> <a class=\"read-more\" href=\"http:\/\/przedszkole.kosowlacki.pl\/wordpress\/festiwal-piosenki-o-zdrowiu-2\/\">Read more<\/a><\/p>\n","protected":false},"author":8,"featured_media":0,"comment_status":"open","ping_status":"open","sticky":false,"template":"","format":"standard","meta":[],"categories":[10],"tags":[],"_links":{"self":[{"href":"http:\/\/przedszkole.kosowlacki.pl\/wordpress\/wp-json\/wp\/v2\/posts\/20922"}],"collection":[{"href":"http:\/\/przedszkole.kosowlacki.pl\/wordpress\/wp-json\/wp\/v2\/posts"}],"about":[{"href":"http:\/\/przedszkole.kosowlacki.pl\/wordpress\/wp-json\/wp\/v2\/types\/post"}],"author":[{"embeddable":true,"href":"http:\/\/przedszkole.kosowlacki.pl\/wordpress\/wp-json\/wp\/v2\/users\/8"}],"replies":[{"embeddable":true,"href":"http:\/\/przedszkole.kosowlacki.pl\/wordpress\/wp-json\/wp\/v2\/comments?post=20922"}],"version-history":[{"count":1,"href":"http:\/\/przedszkole.kosowlacki.pl\/wordpress\/wp-json\/wp\/v2\/posts\/20922\/revisions"}],"predecessor-version":[{"id":20923,"href":"http:\/\/przedszkole.kosowlacki.pl\/wordpress\/wp-json\/wp\/v2\/posts\/20922\/revisions\/20923"}],"wp:attachment":[{"href":"http:\/\/przedszkole.kosowlacki.pl\/wordpress\/wp-json\/wp\/v2\/media?parent=20922"}],"wp:term":[{"taxonomy":"category","embeddable":true,"href":"http:\/\/przedszkole.kosowlacki.pl\/wordpress\/wp-json\/wp\/v2\/categories?post=20922"},{"taxonomy":"post_tag","embeddable":true,"href":"http:\/\/przedszkole.kosowlacki.pl\/wordpress\/wp-json\/wp\/v2\/tags?post=20922"}],"curies":[{"name":"wp","href":"https:\/\/api.w.org\/{rel}","templated":true}]}}